{"id":1846,"date":"2017-05-24T17:23:18","date_gmt":"2017-05-24T17:23:18","guid":{"rendered":"https:\/\/www.faiafinland.fi\/?p=1846"},"modified":"2022-03-31T10:14:18","modified_gmt":"2022-03-31T10:14:18","slug":"mita-voimme-odottaa-macronin-ulkopolitiikalta","status":"publish","type":"post","link":"https:\/\/www.faiafinland.fi\/fi\/2017\/05\/24\/mita-voimme-odottaa-macronin-ulkopolitiikalta\/","title":{"rendered":"Mit\u00e4 voimme odottaa Macronin ulkopolitiikalta?"},"content":{"rendered":"<p><span style=\"font-weight: 400;\">Emmanuel Macron, 39, oli vannoessaan virkavalansa Ranskan <a href=\"http:\/\/edition.cnn.com\/2017\/05\/14\/europe\/emmanuel-macron-france-inauguration\/\" target=\"_blank\" rel=\"noopener noreferrer\">historian nuorin valittu presidentti<\/a><\/span><span style=\"font-weight: 400;\">. Ensimm\u00e4ist\u00e4 kertaa poliittiseen virkaan vaaleilla valittua Macronia on kuvailtu ajatusmaailmaltaan kansainv\u00e4liseksi, joka hallitsee Euroopan ja talouden, mutta on ulkopoliittisesti viel\u00e4 <a href=\"http:\/\/www.politico.eu\/article\/emmanuel-macrons-foreign-policy-doctrines\/\" target=\"_blank\" rel=\"noopener noreferrer\">kokematon<\/a>.<\/span><span style=\"font-weight: 400;\">Viidennen tasavallan, eli Ranskan viidennen hallintomuodon johtajalle on kirjattu uusimmassa perustuslaissa <a href=\"http:\/\/www.assemblee-nationale.fr\/connaissance\/constitution.asp\" target=\"_blank\" rel=\"noopener noreferrer\">laajat valtaoikeudet<\/a><\/span><span style=\"font-weight: 400;\">, ja erityisesti ulkopolitiikkaa tehd\u00e4\u00e4n presidenttijohtoisesti, joten on hyv\u00e4 tehd\u00e4 lyhyt katsaus Macronin ajatteluun suhteessa Ranskalle ajankohtaisesti t\u00e4rkeisiin suhteisiin Euroopan unioiin, Yhdysvaltoihin ja Ven\u00e4j\u00e4\u00e4n.<\/span><!--more--><\/p>\n<p><span style=\"font-weight: 400;\">Emmanuel Macron haluaa vahvistaa luottamusta Euroopan unioniin ja uudistaa sen instituutioita ja rakenteita. H\u00e4n perustelee unionin t\u00e4rkeytt\u00e4 perinteisesti k\u00e4ytettyjen argumenttien avulla: EU on t\u00e4rke\u00e4 rauhan ja turvallisuuden takaaja, vapaa liikkuvuus tuo kiistattomia hy\u00f6tyj\u00e4 Ranskalle, ja suorien taloudellisten hy\u00f6tyjen lis\u00e4ksi yhteiseurooppalainen valuutta on tuonut Ranskalle lis\u00e4valtaa mantereen <a href=\"https:\/\/en-marche.fr\/emmanuel-macron\/le-programme\/europe\" target=\"_blank\" rel=\"noopener noreferrer\">rahapolitiikassa<\/a><\/span><span style=\"font-weight: 400;\">. \u00a0Eurofiilin\u00e4kin tunnettu Macron n\u00e4kee Ranskalla t\u00e4rke\u00e4n roolin Euroopan unionin kehitt\u00e4misess\u00e4, ja h\u00e4n pyrkii vahvistamaan maansa asemaa toisena Euroopan moottorina Iso-Britannian irtautuessa unionista. Brexit on h\u00e4nen mielest\u00e4\u00e4n suuri virhe ja tappio koko Euroopalle. Saarivaltion eroneuvotteluissa h\u00e4n kannattaa <a href=\"http:\/\/abonnes.lemonde.fr\/election-presidentielle-2017\/article\/2017\/05\/08\/macron-elu-president-vu-du-royaume-uni-une-mauvaise-nouvelle-pour-le-brexit_5124011_4854003.html\" target=\"_blank\" rel=\"noopener noreferrer\">kovaa Brexiti\u00e4<\/a><\/span><span style=\"font-weight: 400;\">, eik\u00e4 h\u00e4n ole my\u00f6sk\u00e4\u00e4n s\u00e4\u00e4stellyt sanojaan vaatiessaan Puolalle sanktioita <a href=\"http:\/\/www.euronews.com\/2017\/04\/28\/france-s-macron-wants-sanctions-on-poland-others-for-violating-eu-principles\" target=\"_blank\" rel=\"noopener noreferrer\">EU:n periaatteiden rikkomisesta<\/a><\/span><span style=\"font-weight: 400;\">. EU-my\u00f6nteisyydest\u00e4 huolimatta Macron tunnustaa unionin haasteet todetessaan EU-instituutioiden tarvitsevan lis\u00e4\u00e4 tehokkuutta, demokraattisuutta ja poliittisuutta, joiden parantamisen eteen h\u00e4n <a href=\"https:\/\/en-marche.fr\/article\/discours-investiture-president-republique\" target=\"_blank\" rel=\"noopener noreferrer\">vakuutti ty\u00f6skentelev\u00e4ns\u00e4.<\/a>\u00a0<\/span><span style=\"font-weight: 400;\">Ranska on Euroopan ytimess\u00e4 poliittisesti kuin maantieteellisestikin, mink\u00e4 takia se on ollut yhten\u00e4isen Euroopan puolestapuhuja. Toisaalta kansallisuusaate on voimakasta t\u00e4ss\u00e4 entisess\u00e4 suurvallassa, joka on onnistunut s\u00e4ilytt\u00e4m\u00e4\u00e4n roolinsa <a href=\"https:\/\/www.brookings.edu\/wp-content\/uploads\/2016\/06\/lefebvre20040901.pdf\" target=\"_blank\" rel=\"noopener noreferrer\">globaalina toimijana<\/a>.<\/span><span style=\"font-weight: 400;\">\u00a0Vaikka henkil\u00f6kohtaisesti Macron haluaa Ranskan presidenttin\u00e4 olla vahvistamassa ja syvent\u00e4m\u00e4ss\u00e4 integraatiota, ranskalaisille ei kelpaa \u201dmoninaisuudessaan yhten\u00e4inen\u201d \u2013retoriikka, vaan ensisijaisesti he odottavat Macronilta Ranskan etujen ajamista Euroopassa.<\/span><\/p>\n<p><span style=\"font-weight: 400;\">Ranskan ja Yhdysvaltojen pitk\u00e4st\u00e4 liittolaisuudesta muistuttaa New Yorkissa sijaitseva Ranskan lahjoittama <\/span><i><span style=\"font-weight: 400;\">Vapaus valaisee maailmaa <\/span><\/i><span style=\"font-weight: 400;\">-patsas, tutummin Vapaudenpatsas. My\u00f6s Macron suhtautuu Ranskan toiseksi t\u00e4rkeimp\u00e4\u00e4n kauppakumppaniinsa my\u00f6nteisesti. H\u00e4n pit\u00e4\u00e4 l\u00e4heisi\u00e4 v\u00e4lej\u00e4 <a href=\"https:\/\/en-marche.fr\/emmanuel-macron\/le-programme\/international\" target=\"_blank\" rel=\"noopener noreferrer\">mahdollisuutena<\/a><\/span><span style=\"font-weight: 400;\">, vaikka mielipiteet eiv\u00e4t aina kohtaakaan Yhdysvaltojen nykyisen presidentin Donald Trumpin kanssa, kuten <a href=\"http:\/\/www.reuters.com\/article\/us-france-trump-macron-idUSKBN1691J5\" target=\"_blank\" rel=\"noopener noreferrer\">vapaakauppa- ja ilmaston\u00admuutoskysymykset<\/a>\u00a0<\/span><span style=\"font-weight: 400;\">osoittavat. Ulkopolitiikassa maita yhdist\u00e4v\u00e4t lis\u00e4ksi terrorismin torjunta sek\u00e4 Syyrian konflikti: kemiallisten aseiden k\u00e4yt\u00f6n paljastuminen Syyriassa nosti <a href=\"http:\/\/businessinsider.com.pl\/international\/the-trump-administration-seems-to-be-hinting-at-military-intervention-in-syria\/2fryy6h\" target=\"_blank\" rel=\"noopener noreferrer\">sotilaallisen intervention mahdollisuuden<\/a> <a href=\"http:\/\/www.lexpress.fr\/actualite\/politique\/elections\/syrie-emmanuel-macron-favorable-a-une-intervention-militaire_1896611.html\" target=\"_blank\" rel=\"noopener noreferrer\">molempien presidenttien p\u00f6yd\u00e4lle<\/a><\/span><span style=\"font-weight: 400;\">, joten sotilaallinen yhteisty\u00f6 ainakin L\u00e4hi-id\u00e4ss\u00e4 lis\u00e4\u00e4ntynee NATO-my\u00f6nteisen \u2013 <a href=\"https:\/\/en-marche.fr\/emmanuel-macron\/le-programme\/international\" target=\"_blank\" rel=\"noopener noreferrer\">vaikkakin sen laajentumista vastustavan<\/a><\/span><span style=\"font-weight: 400;\">\u00a0&#8211; \u00a0Macronin kaudella.<\/span><\/p>\n<p><span style=\"font-weight: 400;\">Emmanuel Macron on ollut v\u00e4h\u00e4sanainen ja kriittinen kommentoidessaan Ven\u00e4j\u00e4\u00e4. H\u00e4n kuvailee vaaliohjelmassaan Putinin Ven\u00e4j\u00e4\u00e4 <a href=\"https:\/\/en-marche.fr\/emmanuel-macron\/le-programme\/international\" target=\"_blank\" rel=\"noopener noreferrer\">vaaralliseksi ulkopoliittiseksi toimijaksi<\/a>, joka ei kaihda rikkoa kansainv\u00e4list\u00e4 lakia<\/span><span style=\"font-weight: 400;\">. Ep\u00e4ilyt Ven\u00e4j\u00e4n osallisuudesta massiiviseen <a href=\"https:\/\/www.nytimes.com\/2017\/05\/05\/world\/europe\/france-macron-hacking.html?_r=0\" target=\"_blank\" rel=\"noopener noreferrer\">hakkerointihy\u00f6kk\u00e4ykseen<\/a><\/span><span style=\"font-weight: 400;\">, joka kohdistui Macronin kampanjaan, eiv\u00e4t my\u00f6sk\u00e4\u00e4n ole omiaan lis\u00e4\u00e4m\u00e4\u00e4n luottamusta Ven\u00e4j\u00e4\u00e4n. <a href=\"http:\/\/www.diplomatie.gouv.fr\/en\/country-files\/russia\/france-and-russia\/\" target=\"_blank\" rel=\"noopener noreferrer\">Ranskan ja Ven\u00e4j\u00e4n v\u00e4lit heikkeniv\u00e4t<\/a> Krimin niemimaan annektoinnin j\u00e4lkeen<\/span><span style=\"font-weight: 400;\">, kun Ranska liittyi EU:n talouspakotteisiin, joiden seurauksena se esimerkiksi <a href=\"http:\/\/www.bbc.com\/news\/world-europe-33798102\" target=\"_blank\" rel=\"noopener noreferrer\">perui<\/a> yli miljardin euron arvoisen kaupan kahdesta Mistral-luokan sota-aluksesta<\/span><span style=\"font-weight: 400;\">. Viilentyneist\u00e4 v\u00e4leist\u00e4 huolimatta onnitteluviestiss\u00e4\u00e4n tuoreelle presidentille Vladimir <a href=\"http:\/\/www.reuters.com\/article\/us-france-election-putin-idUSKBN1840Q8\" target=\"_blank\" rel=\"noopener noreferrer\">Putin totesi<\/a>, ett\u00e4 n\u00e4in\u00e4 vaikeina aikoina on erityisen t\u00e4rke\u00e4\u00e4 j\u00e4tt\u00e4\u00e4 molemminpuolinen ep\u00e4luottamus taakse ja yhdist\u00e4\u00e4 voimat kansainv\u00e4lisen vakauden ja turvallisuuden saavuttamiseksi<\/span><span style=\"font-weight: 400;\">. J\u00e4\u00e4 n\u00e4ht\u00e4v\u00e4ksi, ottaako Macron vastaan Putinin k\u00e4denojennuksen. <a href=\"https:\/\/en-marche.fr\/emmanuel-macron\/le-programme\/international\" target=\"_blank\" rel=\"noopener noreferrer\">Dialogiin Ven\u00e4j\u00e4n kanssa<\/a> h\u00e4n on kuitenkin valmis<\/span><span style=\"font-weight: 400;\">. <\/span><\/p>\n<p>Markus Rahja<br \/>\nKansainv\u00e4lisen politiikan opiskelija, Tampere\/ vaihto-opiskelijana Lyonissa kev\u00e4\u00e4n 2017<\/p>\n<p><em>(Kuva:\u00a0https:\/\/goo.gl\/images\/3T2tmF)<\/em><\/p>\n","protected":false},"excerpt":{"rendered":"<p>Emmanuel Macron, 39, oli vannoessaan virkavalansa Ranskan historian nuorin valittu presidentti. Ensimm\u00e4ist\u00e4 kertaa poliittiseen virkaan vaaleilla valittua Macronia on kuvailtu ajatusmaailmaltaan kansainv\u00e4liseksi, joka hallitsee Euroopan ja talouden, mutta on ulkopoliittisesti viel\u00e4 kokematon.Viidennen tasavallan, eli Ranskan viidennen hallintomuodon johtajalle on kirjattu uusimmassa perustuslaissa laajat valtaoikeudet, ja erityisesti ulkopolitiikkaa tehd\u00e4\u00e4n presidenttijohtoisesti, joten on hyv\u00e4 tehd\u00e4 lyhyt katsaus&#8230;<\/p>\n","protected":false},"author":1,"featured_media":1848,"comment_status":"open","ping_status":"open","sticky":false,"template":"","format":"standard","meta":{"_kadence_starter_templates_imported_post":false,"_kad_post_transparent":"","_kad_post_title":"","_kad_post_layout":"","_kad_post_sidebar_id":"","_kad_post_content_style":"","_kad_post_vertical_padding":"","_kad_post_feature":"","_kad_post_feature_position":"","_kad_post_header":false,"_kad_post_footer":false,"footnotes":""},"categories":[9,54],"tags":[79,77,78],"class_list":["post-1846","post","type-post","status-publish","format-standard","has-post-thumbnail","hentry","category-ajankohtaista","category-analyysit","tag-emmanuel-macron","tag-ranska","tag-ranskan-ulkopolitiikka"],"_links":{"self":[{"href":"https:\/\/www.faiafinland.fi\/fi\/wp-json\/wp\/v2\/posts\/1846","targetHints":{"allow":["GET"]}}],"collection":[{"href":"https:\/\/www.faiafinland.fi\/fi\/wp-json\/wp\/v2\/posts"}],"about":[{"href":"https:\/\/www.faiafinland.fi\/fi\/wp-json\/wp\/v2\/types\/post"}],"author":[{"embeddable":true,"href":"https:\/\/www.faiafinland.fi\/fi\/wp-json\/wp\/v2\/users\/1"}],"replies":[{"embeddable":true,"href":"https:\/\/www.faiafinland.fi\/fi\/wp-json\/wp\/v2\/comments?post=1846"}],"version-history":[{"count":1,"href":"https:\/\/www.faiafinland.fi\/fi\/wp-json\/wp\/v2\/posts\/1846\/revisions"}],"predecessor-version":[{"id":1849,"href":"https:\/\/www.faiafinland.fi\/fi\/wp-json\/wp\/v2\/posts\/1846\/revisions\/1849"}],"wp:featuredmedia":[{"embeddable":true,"href":"https:\/\/www.faiafinland.fi\/fi\/wp-json\/wp\/v2\/media\/1848"}],"wp:attachment":[{"href":"https:\/\/www.faiafinland.fi\/fi\/wp-json\/wp\/v2\/media?parent=1846"}],"wp:term":[{"taxonomy":"category","embeddable":true,"href":"https:\/\/www.faiafinland.fi\/fi\/wp-json\/wp\/v2\/categories?post=1846"},{"taxonomy":"post_tag","embeddable":true,"href":"https:\/\/www.faiafinland.fi\/fi\/wp-json\/wp\/v2\/tags?post=1846"}],"curies":[{"name":"wp","href":"https:\/\/api.w.org\/{rel}","templated":true}]}}