{"id":1638,"date":"2021-03-04T18:27:10","date_gmt":"2021-03-04T18:27:10","guid":{"rendered":"https:\/\/www.faiafinland.fi\/?p=1638"},"modified":"2022-04-16T16:29:50","modified_gmt":"2022-04-16T16:29:50","slug":"puheenjohtajan-tervehdys","status":"publish","type":"post","link":"https:\/\/www.faiafinland.fi\/fi\/2021\/03\/04\/puheenjohtajan-tervehdys\/","title":{"rendered":"Puheenjohtajan tervehdys"},"content":{"rendered":"<p id=\"block-5d63631c-eb5b-4b12-84dd-f5eaeb241f9f\" class=\"block-editor-rich-text__editable block-editor-block-list__block wp-block wp-block-paragraph rich-text\" tabindex=\"0\" role=\"document\" contenteditable=\"true\" aria-multiline=\"true\" aria-label=\"Paragraph block\" data-block=\"5d63631c-eb5b-4b12-84dd-f5eaeb241f9f\" data-type=\"core\/paragraph\" data-title=\"Paragraph\" data-empty=\"false\"><em>Maaliskuu, 2021<\/em><\/p>\r\n<p id=\"block-a3439210-221c-4c63-857a-3c9c6444ccbf\" class=\"block-editor-rich-text__editable block-editor-block-list__block wp-block wp-block-paragraph rich-text\" tabindex=\"0\" role=\"document\" contenteditable=\"true\" aria-multiline=\"true\" aria-label=\"Paragraph block\" data-block=\"a3439210-221c-4c63-857a-3c9c6444ccbf\" data-type=\"core\/paragraph\" data-title=\"Paragraph\" data-empty=\"false\">Aloitetaan hyvien tapojen mukaisesti lyhyell\u00e4 esitt\u00e4ytymisell\u00e4. Olen Johannes V\u00e4nttinen ja olen toiminut nyt kaksi kuukautta Kansainv\u00e4lisen politiikan yhdistyksen puheenjohtajana. Suoritan opintojani maisterivaiheen opiskelijana Helsingin yliopiston kansainv\u00e4lisess\u00e4 European and Nordic Studies -ohjelmassa ja p\u00e4\u00e4dyin FAIA:n toimintaan mukaan pitk\u00e4lti kahta reitti\u00e4. Olin syksyll\u00e4 2019 vierailevana puheenjohtajana yhdistyksen syyskokouksessa ja muistan jo t\u00e4ll\u00f6in harkinneeni mukaan l\u00e4htemist\u00e4, mutta teht\u00e4v\u00e4ni ainej\u00e4rjest\u00f6 Polho ry:n puheenjohtajana oli juuri vasta p\u00e4\u00e4ttym\u00e4ss\u00e4. Voimavarat eiv\u00e4t olleet kohdallaan. Toinen tie on Konfliktinratkaisusimulaatio, valtakunnallinen opiskelijavetoinen simulaatio, jonka j\u00e4rjest\u00e4j\u00e4tiimiss\u00e4 toimin jo nelj\u00e4tt\u00e4 vuotta. FAIA toimii yhten\u00e4 j\u00e4rjest\u00e4v\u00e4n\u00e4 tahona projektissa ja hallinnoi muun muassa sen rahaliikennett\u00e4. Olen projektin my\u00f6t\u00e4 saanut tutustua suureen m\u00e4\u00e4r\u00e4\u00e4n erinomaisen kiinnostavia ja yst\u00e4v\u00e4llisi\u00e4 ihmisi\u00e4, joista lukuisat ovat entisi\u00e4 tai nykyisi\u00e4 FAIA-aktiiveja.\u00a0 Otin innolla luottamuksen vastaan, eritoten kun k\u00e4vi ilmi, kuinka innokkaan ja kyvykk\u00e4\u00e4n hallituksen saimme muodostettua.<\/p>\r\n<p id=\"block-e36a6511-3914-4508-b5ac-ed8483fa705b\" class=\"block-editor-rich-text__editable block-editor-block-list__block wp-block wp-block-paragraph rich-text\" tabindex=\"0\" role=\"document\" contenteditable=\"true\" aria-multiline=\"true\" aria-label=\"Paragraph block\" data-block=\"e36a6511-3914-4508-b5ac-ed8483fa705b\" data-type=\"core\/paragraph\" data-title=\"Paragraph\" data-empty=\"false\">Hallituksemme toimintavuoden voi kiteytt\u00e4\u00e4 kolmeen painopisteeseen. Ensimm\u00e4inen koskee FAIA:n tarkoitusta \u2013 meid\u00e4n <em>raison d\u2019\u00eatre.<\/em> Suomessa on tuhansia j\u00e4rjest\u00f6j\u00e4, joten v\u00e4ist\u00e4m\u00e4tt\u00e4 kansainv\u00e4liseen politiikkaan on erikoistunut meid\u00e4n lis\u00e4ksi muitakin. Erona verrokkiryhm\u00e4\u00e4n, FAIA:n rooli on kuitenkin hieman erilainen: meill\u00e4 ei ole selke\u00e4\u00e4 rakoa. Toisin sanoen, muut kansainv\u00e4lisen politiikan ymp\u00e4rill\u00e4 py\u00f6riv\u00e4t j\u00e4rjest\u00f6t tekev\u00e4t sen tietyst\u00e4 n\u00e4k\u00f6kulmasta, me emme. T\u00e4m\u00e4 on kaksiter\u00e4inen miekka. Yht\u00e4\u00e4lt\u00e4 luokittelemattomuus sallii suuren toimintavapauden ja toteuttaa t\u00e4ysim\u00e4\u00e4r\u00e4isesti tarkoitustamme j\u00e4rjest\u00f6n\u00e4, joka edist\u00e4\u00e4 laadukasta keskustelua ja tiedonv\u00e4lityst\u00e4 kansainv\u00e4liseen politiikkaan liittyvist\u00e4 asioista. Toisaalta se j\u00e4tt\u00e4\u00e4 m\u00e4\u00e4rittelem\u00e4tt\u00f6m\u00e4ksi tarkoitusper\u00e4mme ja toimintamme yhteiskunnallisessa kontekstissa, sill\u00e4 edell\u00e4 siteeraamani muotoilu ei lopulta ole perin definitiivinen kuvaus toiminnastamme.<\/p>\r\n<p id=\"block-29299bdb-735e-4e01-8d75-ac59925834ce\" class=\"block-editor-rich-text__editable block-editor-block-list__block wp-block wp-block-paragraph rich-text\" tabindex=\"0\" role=\"document\" contenteditable=\"true\" aria-multiline=\"true\" aria-label=\"Paragraph block\" data-block=\"29299bdb-735e-4e01-8d75-ac59925834ce\" data-type=\"core\/paragraph\" data-title=\"Paragraph\" data-empty=\"false\">Paperillahan tarkoituksemme ja teht\u00e4v\u00e4mme ovat, kuten todettua, yksinkertaiset. N\u00e4iden jalkauttaminen konkreettiseksi toiminnaksi on kuitenkin aivan toinen asia. T\u00e4m\u00e4n vuoksi hallituksemme yksi keskeisimmist\u00e4 painopisteist\u00e4 on pohtia vakavasti sit\u00e4, mik\u00e4 on j\u00e4rjest\u00f6mme rooli yhteiskunnallisena toimijana ja aloittaa tie kohti paikkamme vakiinnuttamista. Siin\u00e4 samalla rakennamme tunnettavuuttamme. FAIA on nuori yhdistys, joten joudumme v\u00e4ist\u00e4m\u00e4tt\u00e4kin tulkitsemaan asiaa suhteessa olemassa oleviin toimijoihin ja miettim\u00e4\u00e4n sit\u00e4 kautta, mit\u00e4 erilaista ja lis\u00e4\u00e4 tuomme kent\u00e4lle.<\/p>\r\n<p id=\"block-dc3cd4f6-2ead-4ad2-93b0-3b5927ee76e4\" class=\"block-editor-rich-text__editable block-editor-block-list__block wp-block wp-block-paragraph rich-text\" tabindex=\"0\" role=\"document\" contenteditable=\"true\" aria-multiline=\"true\" aria-label=\"Paragraph block\" data-block=\"dc3cd4f6-2ead-4ad2-93b0-3b5927ee76e4\" data-type=\"core\/paragraph\" data-title=\"Paragraph\" data-empty=\"false\">Edelt\u00e4v\u00e4\u00e4n voimakkaasti liittyen, hallituksemme toisena painopisteen\u00e4 vuodelle 2021 on luoda yhdistyksellemme ensimm\u00e4inen ylivuotinen strategia, joka tuodaan yhdistyksen \u00e4\u00e4nestett\u00e4v\u00e4ksi syyskokouksessa 2021. Sen muoto ja sis\u00e4lt\u00f6 ovat toistaiseksi m\u00e4\u00e4rittelem\u00e4tt\u00f6m\u00e4t, mutta ty\u00f6n on m\u00e4\u00e4r\u00e4 alkaa loppukev\u00e4\u00e4st\u00e4 2021. J\u00e4senist\u00f6\u00e4mme tullaan kuulemaan ja osallistamaan aiheeseen liittyen vahvasti, sill\u00e4 hallituksemme on vain toimeenpanevana v\u00e4likappaleena, kun taas sis\u00e4ll\u00f6n tulisi edustaa koko yhteis\u00f6n toiveita ja n\u00e4kemyksi\u00e4. Strategian luomisen ensisijaiset tarkoitukset ovat vakiinnuttaa yhdistyksemme toimintaperiaatteita, taata, ett\u00e4 ns. institutionaalinen muisti on yksitt\u00e4ist\u00e4 hallituskautta pidempi, ja ett\u00e4 yhdistyksemme toiminnasta tulee kauaskatseista ja m\u00e4\u00e4r\u00e4tietoista.<\/p>\r\n<p id=\"block-8aad8f41-6536-4d64-b09d-013cc2452b50\" class=\"block-editor-rich-text__editable block-editor-block-list__block wp-block wp-block-paragraph rich-text\" tabindex=\"0\" role=\"document\" contenteditable=\"true\" aria-multiline=\"true\" aria-label=\"Paragraph block\" data-block=\"8aad8f41-6536-4d64-b09d-013cc2452b50\" data-type=\"core\/paragraph\" data-title=\"Paragraph\" data-empty=\"false\">Vuoden kolmantena painopisteen\u00e4 ovat hallinnolliset reformit. Haluamme tuoda syyskokoukseen <em>j\u00e4senohjes\u00e4\u00e4nn\u00f6n<\/em>, joka m\u00e4\u00e4rittelee selv\u00e4sanaisesti j\u00e4seneksi liittymiseen, j\u00e4senyyteen sek\u00e4 sen purkautumiseen liittyv\u00e4t seikat. Uudistimme my\u00f6s hallituskokoonpanon rakennetta esimerkiksi luopumalla erikseen nimitetyist\u00e4 aluevastaavista, nimitt\u00e4m\u00e4ll\u00e4 kaksi viestint\u00e4vastaavaa sek\u00e4 luomalla kokonaan uuden ty\u00f6el\u00e4m\u00e4sektorin. Uuden sektorin tarkoitus on tuottaa j\u00e4senist\u00f6llemme ajankohtaista tietoa alamme ty\u00f6mahdollisuuksista sek\u00e4 j\u00e4rjest\u00e4\u00e4 ty\u00f6el\u00e4m\u00e4vierailuja, josta hyv\u00e4n\u00e4 esimerkkin\u00e4 on tuleva (11.3.) excursiomme suojelupoliisiin.<\/p>\r\n<p id=\"block-8f4c7df9-9782-4138-9439-0faac7b7f0fa\" class=\"block-editor-rich-text__editable block-editor-block-list__block wp-block wp-block-paragraph rich-text\" tabindex=\"0\" role=\"document\" contenteditable=\"true\" aria-multiline=\"true\" aria-label=\"Paragraph block\" data-block=\"8f4c7df9-9782-4138-9439-0faac7b7f0fa\" data-type=\"core\/paragraph\" data-title=\"Paragraph\" data-empty=\"false\">V\u00e4ist\u00e4m\u00e4t\u00f6n tosiasia on, ett\u00e4 koronavirus vaikuttaa toimintaamme viel\u00e4 ainakin muutaman kuukauden ajan \u2013 pahimmillaan koko vuoden. Pyrimme kuitenkin parhaamme mukaan tuottamaan j\u00e4senist\u00f6llemme laadukasta ja tarkoituksellista sis\u00e4lt\u00f6\u00e4 ja toimintaa. Vuodesta on joka tapauksessa tulossa t\u00e4rke\u00e4 ja hyv\u00e4: yhdistyksemme t\u00e4ytt\u00e4\u00e4 5 vuotta, olemme osaj\u00e4rjest\u00e4m\u00e4ss\u00e4 NCIA 2021 -tapahtumaa Helsingiss\u00e4 syksylle 2021 ja pyrimme asettamaan yhdistyksellemme selke\u00e4n suunnan.<\/p>\r\n<p>Olen valtavan iloinen ja ylpe\u00e4 saadessani toimia hallituksen puheenjohtajana vuonna 2021 ja toivonkin, ett\u00e4 koette vuoden p\u00e4\u00e4tytty\u00e4 teht\u00e4v\u00e4ni onnistuneeksi.<br data-rich-text-line-break=\"true\" \/>Iloista alkavaa kev\u00e4tt\u00e4 ja jaksamista jokaiselle n\u00e4ihin vaikeisiin aikoihin. Kohti valoa!<\/p>\r\n\r\n<figure><img loading=\"lazy\" decoding=\"async\" class=\"wp-image-1877\" src=\"https:\/\/faiafinland.files.wordpress.com\/2021\/03\/kuva.jpg?w=819\" alt=\"\" width=\"228\" height=\"281\" \/><\/figure>\r\n<figure class=\"wp-block-image size-large is-resized\"><strong>Johannes V\u00e4nttinen<\/strong><br \/>Puheenjohtaja<\/figure>\r\n","protected":false},"excerpt":{"rendered":"<p>Maaliskuu, 2021 Aloitetaan hyvien tapojen mukaisesti lyhyell\u00e4 esitt\u00e4ytymisell\u00e4. Olen Johannes V\u00e4nttinen ja olen toiminut nyt kaksi kuukautta Kansainv\u00e4lisen politiikan yhdistyksen puheenjohtajana. Suoritan opintojani maisterivaiheen opiskelijana Helsingin yliopiston kansainv\u00e4lisess\u00e4 European and Nordic Studies -ohjelmassa ja p\u00e4\u00e4dyin FAIA:n toimintaan mukaan pitk\u00e4lti kahta reitti\u00e4. Olin syksyll\u00e4 2019 vierailevana puheenjohtajana yhdistyksen syyskokouksessa ja muistan jo t\u00e4ll\u00f6in harkinneeni mukaan l\u00e4htemist\u00e4,&#8230;<\/p>\n","protected":false},"author":1,"featured_media":0,"comment_status":"open","ping_status":"open","sticky":false,"template":"","format":"standard","meta":{"_kadence_starter_templates_imported_post":false,"_kad_post_transparent":"","_kad_post_title":"","_kad_post_layout":"","_kad_post_sidebar_id":"","_kad_post_content_style":"","_kad_post_vertical_padding":"","_kad_post_feature":"","_kad_post_feature_position":"","_kad_post_header":false,"_kad_post_footer":false,"footnotes":""},"categories":[9,59],"tags":[],"class_list":["post-1638","post","type-post","status-publish","format-standard","hentry","category-ajankohtaista","category-faia"],"_links":{"self":[{"href":"https:\/\/www.faiafinland.fi\/fi\/wp-json\/wp\/v2\/posts\/1638","targetHints":{"allow":["GET"]}}],"collection":[{"href":"https:\/\/www.faiafinland.fi\/fi\/wp-json\/wp\/v2\/posts"}],"about":[{"href":"https:\/\/www.faiafinland.fi\/fi\/wp-json\/wp\/v2\/types\/post"}],"author":[{"embeddable":true,"href":"https:\/\/www.faiafinland.fi\/fi\/wp-json\/wp\/v2\/users\/1"}],"replies":[{"embeddable":true,"href":"https:\/\/www.faiafinland.fi\/fi\/wp-json\/wp\/v2\/comments?post=1638"}],"version-history":[{"count":3,"href":"https:\/\/www.faiafinland.fi\/fi\/wp-json\/wp\/v2\/posts\/1638\/revisions"}],"predecessor-version":[{"id":1994,"href":"https:\/\/www.faiafinland.fi\/fi\/wp-json\/wp\/v2\/posts\/1638\/revisions\/1994"}],"wp:attachment":[{"href":"https:\/\/www.faiafinland.fi\/fi\/wp-json\/wp\/v2\/media?parent=1638"}],"wp:term":[{"taxonomy":"category","embeddable":true,"href":"https:\/\/www.faiafinland.fi\/fi\/wp-json\/wp\/v2\/categories?post=1638"},{"taxonomy":"post_tag","embeddable":true,"href":"https:\/\/www.faiafinland.fi\/fi\/wp-json\/wp\/v2\/tags?post=1638"}],"curies":[{"name":"wp","href":"https:\/\/api.w.org\/{rel}","templated":true}]}}