{"id":2109,"date":"2023-03-22T10:22:49","date_gmt":"2023-03-22T10:22:49","guid":{"rendered":"https:\/\/www.faiafinland.fi\/?p=2109"},"modified":"2024-03-15T07:09:45","modified_gmt":"2024-03-15T07:09:45","slug":"ajankohtaista-perinteisten-teemojen-paluu-eduskuntavaalikeskustelussa-kansainvaliset-teemat-unohduksissa","status":"publish","type":"post","link":"https:\/\/www.faiafinland.fi\/en\/2023\/03\/22\/ajankohtaista-perinteisten-teemojen-paluu-eduskuntavaalikeskustelussa-kansainvaliset-teemat-unohduksissa\/","title":{"rendered":"Perinteisten teemojen paluu eduskuntavaalikeskustelussa \u2013 kansainv\u00e4liset teemat unohduksissa?"},"content":{"rendered":"<p><span style=\"font-weight: 400;\">Eduskuntavaaleissa 2.4. suomalaiset valitsevat kansanedustajat vaalikaudelle 2023\u20132027. Vaalien l\u00e4hestyess\u00e4 my\u00f6s keskustelu vaalien p\u00e4\u00e4teemoista lis\u00e4\u00e4ntyy. Sek\u00e4 medialla, tutkijoilla ett\u00e4 \u00e4\u00e4nest\u00e4jill\u00e4 nousee esiin halu m\u00e4\u00e4ritt\u00e4\u00e4 tulevat vaalit ymm\u00e4rrett\u00e4v\u00e4ksi kokonaisuudeksi \u2013 mist\u00e4 asioista tosiasiassa t\u00e4n\u00e4 vuonna \u00e4\u00e4nestet\u00e4\u00e4n, ja mik\u00e4 vaalikeskusteluissa suomalaisia kiinnostaa.\u00a0<\/span><\/p>\n<p><span style=\"font-weight: 400;\">Taloustutkimus teetti kyselytutkimuksen marraskuussa 2022, jossa selvitettiin mitk\u00e4 yhteiskunnalliset asiat suomalaisia huolestuttavat ja mihin poliittisten p\u00e4\u00e4tt\u00e4jien pit\u00e4isi heid\u00e4n mielest\u00e4\u00e4n erityisesti vaikuttaa. Kyselyn tuloksissa nousee esiin suomalaisten huoli erityisesti s\u00e4hk\u00f6n ja polttoaineiden hinnannoususta, terveyspalveluiden saatavuudesta sek\u00e4 valtion velkaantumisesta. Kunnallisalan kehitt\u00e4miss\u00e4\u00e4ti\u00f6n laatimassa kyselyss\u00e4 nousee esiin samat teemat, kun kansalaisilta kysyt\u00e4\u00e4n kuinka t\u00e4rke\u00e4n\u00e4 he pit\u00e4v\u00e4t eri aiheita tulevissa eduskuntavaaleissa.<\/span><\/p>\n<p><span style=\"font-weight: 400;\">Kansainv\u00e4listen teemojen puuttuminen k\u00e4rkihuolenaiheista on ilmeinen. Ilmastonmuutos oli Taloustukimusken kyselytutkimuksen tuloksien mukaan suomalaisten kolmanneksi suurin huolenaihe vuonna 2021, kun taas vuoden 2022 kyselyss\u00e4 se laski sijalle kuusi. Taloustutkimuksen aiemmassa vastaavassa tutkimuksessa on n\u00e4ht\u00e4viss\u00e4, ett\u00e4 my\u00f6s vuonna 2020 ilmastonmuutos oli korkeammalla prioriteettilistassa kuin viime vuonna. Onko huoli akuutista energiakriisist\u00e4 ja turvallisuustilanteen \u00e4killisist\u00e4 muutoksista sys\u00e4nnyt pitk\u00e4n\u00e4k\u00f6iset ilmastomurheet taka-alalle?<\/span><\/p>\n<p><span style=\"font-weight: 400;\">My\u00f6s median vaalikeskustelua tarkastellessa voidaan huomata fokuksen olevan perinteisiss\u00e4, kansallisissa teemoissa. Keskiviikkona 15.3. j\u00e4rjestetyss\u00e4 MTV Katsomon puheenjohtajatentiss\u00e4 keskityttiin pitk\u00e4lti julkisen talouden ja koulutuksen teemoihin. Samaan aikaan keskustelut ilmastonmuutoksesta ja turvallisuuspolitiikasta \u2013 p\u00e4\u00e4ministerin Hornet-kohua lukuun ottamatta \u2013 tuntuivat j\u00e4\u00e4v\u00e4n v\u00e4h\u00e4isiksi.\u00a0<\/span><\/p>\n<p><span style=\"font-weight: 400;\">Ilmastonmuutos ei olekaan ainut kansainv\u00e4lisen politiikan keskeinen aihealue, joka on j\u00e4\u00e4nyt kev\u00e4\u00e4n vaalikeskustelussa v\u00e4h\u00e4lle \u2013 my\u00f6sk\u00e4\u00e4n turvallisuuspoliittisten teemojen uupumista ei voi olla huomaamatta. Huolimatta Suomen turvallisuuspoliittisen ymp\u00e4rist\u00f6n suurista muutoksista viimeisen vuoden aikana, esimerkiksi Helsingin Sanomien vaalikone esitt\u00e4\u00e4 \u00e4\u00e4nest\u00e4j\u00e4lle vaivaiset kaksi turvallisuuspoliittista kysymyst\u00e4. Toisaalta voidaan pohtia, onko turvallisuusymp\u00e4rist\u00f6n murros juurikin syy keskustelun puuttumiselle \u2013 esimerkiksi Nato on puoluekeskustelussa ensimm\u00e4ist\u00e4 kertaa aihe, josta ollaan muutamia poikkeuksia lukuun ottamatta l\u00e4hes yksimielisi\u00e4.\u00a0<\/span><\/p>\n<p><span style=\"font-weight: 400;\">Turvallisuuspoliittinen keskustelu on typistynyt aseelliseen turvallisuuteen. Esimerkiksi kyber- tai ilmastoturvallisuuteen liittyv\u00e4t teemat ovat unohtuneet, vaikka informaatiosodank\u00e4ynnin ja energiariippuvuuden vaaroista yhteis\u00f6ille ja kansantalouksille on puhuttu mediassa suhteellisen paljon kuluneen vuoden aikana.<\/span><\/p>\n<p><span style=\"font-weight: 400;\">Kysymykset ilmastoteemoista eduskuntavaalikeskustelussa taas huokuvat l\u00e4hinn\u00e4 vastakkainasettelua ja yksinkertaisuutta: Helsingin Sanomien vaalikoneen nelj\u00e4st\u00e4 ymp\u00e4rist\u00f6- ja ilmastokysymyksest\u00e4 kaksi koskee turkistarhausta tai ruuhkamaksuja, j\u00e4tt\u00e4en laajat, kokonaisvaltaiset ilmasto-ongelmat v\u00e4h\u00e4iselle huomiolle. Suomi tekee ilmastopolitiikkaa osana EU:ta ja laajempaa kansainv\u00e4list\u00e4 yhteis\u00f6\u00e4, joten eduskuntavaaleissa \u00e4\u00e4nestet\u00e4\u00e4n my\u00f6s Suomen asemoitumisesta laajemmassa kansainv\u00e4lisess\u00e4 kontekstissa.\u00a0<\/span><\/p>\n<p><span style=\"font-weight: 400;\">Toisaalta voidaan kysy\u00e4, onko keskustelu turvallisuudesta j\u00e4tetty tarkoituksella asiantuntijoille?<\/span><\/p>\n<p>&nbsp;<\/p>\n<p><span style=\"font-weight: 400;\">Suomen kuvalehti<\/span><\/p>\n<p><a href=\"https:\/\/suomenkuvalehti.fi\/politiikka-ja-talous\/puoluetta-vaihtavat-ratkaisevat-eduskuntavaalit-keskustasta-kay-liike-oikealle-ja-vihreista-vasemmistopuolueisiin\/\" target=\"_blank\" rel=\"noopener\"><span style=\"font-weight: 400;\">https:\/\/suomenkuvalehti.fi\/politiikka-ja-talous\/puoluetta-vaihtavat-ratkaisevat-eduskuntavaalit-keskustasta-kay-liike-oikealle-ja-vihreista-vasemmistopuolueisiin\/<\/span><\/a><\/p>\n<p><span style=\"font-weight: 400;\">HS vaalikone\u00a0<\/span><\/p>\n<p><a href=\"https:\/\/www.hs.fi\/politiikka\/art-2000009392020.html\" target=\"_blank\" rel=\"noopener\"><span style=\"font-weight: 400;\">https:\/\/www.hs.fi\/politiikka\/art-2000009392020.html<\/span><\/a><\/p>","protected":false},"excerpt":{"rendered":"<p>Eduskuntavaaleissa 2.4. suomalaiset valitsevat kansanedustajat vaalikaudelle 2023\u20132027. Vaalien l\u00e4hestyess\u00e4 my\u00f6s keskustelu vaalien p\u00e4\u00e4teemoista lis\u00e4\u00e4ntyy. Sek\u00e4 medialla, tutkijoilla ett\u00e4 \u00e4\u00e4nest\u00e4jill\u00e4 nousee esiin halu m\u00e4\u00e4ritt\u00e4\u00e4 tulevat vaalit ymm\u00e4rrett\u00e4v\u00e4ksi kokonaisuudeksi \u2013 mist\u00e4 asioista tosiasiassa t\u00e4n\u00e4 vuonna \u00e4\u00e4nestet\u00e4\u00e4n, ja mik\u00e4 vaalikeskusteluissa suomalaisia kiinnostaa.\u00a0 Taloustutkimus teetti kyselytutkimuksen marraskuussa 2022, jossa selvitettiin mitk\u00e4 yhteiskunnalliset asiat suomalaisia huolestuttavat ja mihin poliittisten p\u00e4\u00e4tt\u00e4jien&#8230;<\/p>","protected":false},"author":1,"featured_media":0,"comment_status":"open","ping_status":"open","sticky":false,"template":"","format":"standard","meta":{"_kadence_starter_templates_imported_post":false,"_kad_post_transparent":"","_kad_post_title":"","_kad_post_layout":"","_kad_post_sidebar_id":"","_kad_post_content_style":"","_kad_post_vertical_padding":"","_kad_post_feature":"","_kad_post_feature_position":"","_kad_post_header":false,"_kad_post_footer":false,"footnotes":""},"categories":[9],"tags":[],"class_list":["post-2109","post","type-post","status-publish","format-standard","hentry","category-ajankohtaista"],"_links":{"self":[{"href":"https:\/\/www.faiafinland.fi\/en\/wp-json\/wp\/v2\/posts\/2109","targetHints":{"allow":["GET"]}}],"collection":[{"href":"https:\/\/www.faiafinland.fi\/en\/wp-json\/wp\/v2\/posts"}],"about":[{"href":"https:\/\/www.faiafinland.fi\/en\/wp-json\/wp\/v2\/types\/post"}],"author":[{"embeddable":true,"href":"https:\/\/www.faiafinland.fi\/en\/wp-json\/wp\/v2\/users\/1"}],"replies":[{"embeddable":true,"href":"https:\/\/www.faiafinland.fi\/en\/wp-json\/wp\/v2\/comments?post=2109"}],"version-history":[{"count":2,"href":"https:\/\/www.faiafinland.fi\/en\/wp-json\/wp\/v2\/posts\/2109\/revisions"}],"predecessor-version":[{"id":2613,"href":"https:\/\/www.faiafinland.fi\/en\/wp-json\/wp\/v2\/posts\/2109\/revisions\/2613"}],"wp:attachment":[{"href":"https:\/\/www.faiafinland.fi\/en\/wp-json\/wp\/v2\/media?parent=2109"}],"wp:term":[{"taxonomy":"category","embeddable":true,"href":"https:\/\/www.faiafinland.fi\/en\/wp-json\/wp\/v2\/categories?post=2109"},{"taxonomy":"post_tag","embeddable":true,"href":"https:\/\/www.faiafinland.fi\/en\/wp-json\/wp\/v2\/tags?post=2109"}],"curies":[{"name":"wp","href":"https:\/\/api.w.org\/{rel}","templated":true}]}}