{"id":2090,"date":"2023-03-14T09:00:24","date_gmt":"2023-03-14T09:00:24","guid":{"rendered":"https:\/\/www.faiafinland.fi\/?p=2090"},"modified":"2024-03-15T07:13:59","modified_gmt":"2024-03-15T07:13:59","slug":"miksi-olemme-epaonnistuneet-maailmalla-ulkopolitiikan-on-oltava-myos-uskottavaa-rauhanrakentamista","status":"publish","type":"post","link":"https:\/\/www.faiafinland.fi\/en\/2023\/03\/14\/miksi-olemme-epaonnistuneet-maailmalla-ulkopolitiikan-on-oltava-myos-uskottavaa-rauhanrakentamista\/","title":{"rendered":"Miksi olemme ep\u00e4onnistuneet maailmalla? \u2013 Ulkopolitiikan on oltava my\u00f6s uskottavaa rauhanrakentamista"},"content":{"rendered":"<p><b>Vuoden 2023 eduskuntavaalien teemoiksi ovat muodostuneet talous ja turvallisuus. Turvallisuusteema on kuitenkin j\u00e4\u00e4nyt kapeaksi sen k\u00e4sitt\u00e4ess\u00e4 vain Suomen ja Euroopan sis\u00e4isen turvallisuuden sek\u00e4 puolustusta koskevat kysymykset.<\/b><\/p>\n<p><span style=\"font-weight: 400;\">Eduskuntavaaleissa on tyypillist\u00e4 k\u00e4\u00e4nty\u00e4 sis\u00e4\u00e4np\u00e4in tarkastelemaan paikallisia ongelmia. Kansainv\u00e4lisen yhteis\u00f6n, rauhan ja ihmisoikeuksien teemat j\u00e4\u00e4v\u00e4t eduskuntavaaleissa taka-alalle, vaikka aikamme ei ole n\u00e4ist\u00e4 irrallaan; olemme isolta osin ep\u00e4onnistuneet rauhan edist\u00e4misess\u00e4 ja s\u00e4ilytt\u00e4misess\u00e4 osana kansainv\u00e4list\u00e4 yhteis\u00f6\u00e4.\u00a0<\/span><\/p>\n<p><span style=\"font-weight: 400;\">Keskustelu EU:sta on v\u00e4h\u00e4ist\u00e4, v<\/span><span style=\"font-weight: 400;\">aikka eduskuntavaalit ovat ehdottomasti my\u00f6s EU-vaalit<\/span><span style=\"font-weight: 400;\">. Euroopan unionia koskevaksi keskusteluksi ei riit\u00e4 vaalien alla kiistely siit\u00e4, tulisiko meid\u00e4n kuulua EU:hun tai kauhistelu siit\u00e4, jos EU-eroa ehdotetaan. Keskustelun tulisi raapaista pintaa syvemm\u00e4lt\u00e4.<\/span><\/p>\n<p><span style=\"font-weight: 400;\">EU:n perimm\u00e4inen tavoite ulkopolitiikassa on varmistaa turvallisuutta, vakautta, demokratian toteutumista ja ihmisoikeuksien kunnioittamista Euroopassa, Euroopan naapurimaissa sek\u00e4 muualla maailmassa \u2013 erityisesti niill\u00e4 herkill\u00e4 alueilla, jotka ovat kriisiytyneet. Ulkopolitiikka kun on muutakin kuin maanpuolustusta: sen tulee olla my\u00f6s uskottavaa rauhanrakentamista.<\/span><\/p>\n<p><b>Ulkopolitiikan kehityspoliittiset ja kriisinhallintaulottuvuudet<\/b><\/p>\n<p><span style=\"font-weight: 400;\">Kehitysyhteisty\u00f6n todellista toimivuutta on aiheellisesti tarkasteltu ja kritisoitu. Ulkopoliittisen instituutin tekem\u00e4n tutkimuksen mukaan Suomi sai Afganistanista hy\u00f6dyllist\u00e4 sotilaallista ja operatiivista oppia sek\u00e4 valmiuksia kehitt\u00e4\u00e4 puolustuskumppanuuksia. Sen sijaan siin\u00e4 ep\u00e4onnistuttiin, mit\u00e4 julkisesti asetettiin tavoitteeksi: Afganistania ei onnistuttu vakauttamaan.\u00a0<\/span><\/p>\n<p><span style=\"font-weight: 400;\">On my\u00f6s kiistanalaista, miten kansainv\u00e4linen yhteis\u00f6 onnistui edist\u00e4m\u00e4\u00e4n ihmisoikeusasioita Afganistanissa. Toisaalta tehdyll\u00e4 ty\u00f6ll\u00e4 luotiin tuolloin ty\u00f6paikkoja naisille ja koulupaikkoja tyt\u00f6ille, mutta osa tutkijoista on kritisoinut Afganistanissa tehdyn kehitysyhteisty\u00f6n parantaneen vain n\u00e4enn\u00e4isesti naisten ja tytt\u00f6jen asemaa.<\/span><\/p>\n<p><span style=\"font-weight: 400;\">Haluammeko kuitenkaan asettaa ratkaisuehdotukseksi kehitysyhteisty\u00f6m\u00e4\u00e4r\u00e4rahojen leikkaamista?\u00a0<\/span><\/p>\n<p><span style=\"font-weight: 400;\">Vaikka katsomme maailmaa nyt realismiteoreettisin silmin emmek\u00e4 esimerkiksi jakaisi EU:n ulkopoliittisia arvoja, emme kuitenkaan voi irtaantua t\u00e4ysin kansainv\u00e4lisest\u00e4 yhteis\u00f6st\u00e4, tai sen vaikutuksista maamme turvallisuuteen ja sis\u00e4politiikkaan.\u00a0<\/span><\/p>\n<p><span style=\"font-weight: 400;\">Jos Afganistanista tulee j\u00e4lleen terrorij\u00e4rjest\u00f6jen kasvualusta, ei se ole yksin Afganistanin ongelma. Se koskettaa my\u00f6s Eurooppaa.<\/span><\/p>\n<p><b>Ven\u00e4j\u00e4n hy\u00f6kk\u00e4yssodan kauaskantoiset vaikutukset<\/b><\/p>\n<p><span style=\"font-weight: 400;\">Ven\u00e4j\u00e4n hy\u00f6kk\u00e4yssota Ukrainaan heijastuu my\u00f6s Euroopan ulkopuolelle. Esimerkiksi L\u00e4hi-id\u00e4n ja Pohjois-Afrikan alue (MENA) on ollut riippuvainen Ven\u00e4j\u00e4n ja Ukrainan viljasta, kansainv\u00e4linen maksuliikenne on vaikeutunut, sota h\u00e4iritsee logistiikkaketjuja ja \u00f6ljyn ja maakaasun hintojen nousu voimistaa inflaatiota. Sodan vaikutukset voivat puhkaista levottomuuksia ja konflikteja entisest\u00e4\u00e4n ep\u00e4vakaalla MENA-alueella.<\/span><\/p>\n<p><span style=\"font-weight: 400;\">Levottomuudet ja konfliktit MENA-alueella taas vaikuttavat suoraan Eurooppaan v\u00e4kivaltaisilla \u00e4\u00e4riliikkeill\u00e4, terrorismilla, muuttoliikkeill\u00e4 ja populistisen politiikan kasvulla.<\/span><\/p>\n<p><span style=\"font-weight: 400;\">Ven\u00e4j\u00e4n disinformaatiokampanjoilta Afrikassa ei voi sulkea silmi\u00e4. Ven\u00e4j\u00e4 on kasvattanut nopeasti vaikutusvaltaansa Afrikassa, jonka tarkoitus on h\u00e4irit\u00e4 Eurooppaa. Vapaa lehdist\u00f6 ja sen tukeminen ovat nyt entist\u00e4 merkitt\u00e4v\u00e4mm\u00e4ss\u00e4 roolissa.<\/span><\/p>\n<p><b>Kauhistelusta pintaa syvemm\u00e4lle ulottuvaan keskusteluun\u00a0<\/b><\/p>\n<p><span style=\"font-weight: 400;\">Millaista yhteisty\u00f6t\u00e4 tarvitsisimme maanpuolustuksen ja kansainv\u00e4lisen politiikan parissa toimivien tahojen ja asiantuntijoiden v\u00e4lille, jotta operaatiot hauraissa valtioissa eiv\u00e4t olisi ainoastaan Suomen sotilaallisen kyvyn ja osaamisen kasvattamista?\u00a0<\/span><\/p>\n<p><span style=\"font-weight: 400;\">Kuinka kehitysyhteisty\u00f6t\u00e4 ja rauhanv\u00e4litt\u00e4mist\u00e4 voitaisiin kehitt\u00e4\u00e4, jotta saavuttaisimme julkisesti asetetut tavoitteemme?\u00a0<\/span><\/p>\n<p><span style=\"font-weight: 400;\">Kuinka EU:n ulkopolitiikkaa voitaisiin yhten\u00e4ist\u00e4\u00e4 j\u00e4senvaltioiden v\u00e4lill\u00e4 ja kuinka strategioita tulisi p\u00e4ivitt\u00e4\u00e4, jotta olisimme tehokkaampi kansainv\u00e4linen toimija?<\/span><\/p>\n<p><span style=\"font-weight: 400;\">N\u00e4ist\u00e4 kysymyksist\u00e4 toivoisin n\u00e4kev\u00e4ni keskustelua my\u00f6s eduskuntavaalien alla.<\/span><span style=\"font-weight: 400;\"><br \/>\n<\/span><\/p>\n<p><span style=\"font-weight: 400;\"><br \/>\n<\/span><b>Kirjoittaja<\/b><span style=\"font-weight: 400;\">:\u00a0<\/span><\/p>\n<p><span style=\"font-weight: 400;\">Miira Parhiala (she\/her) on laajasti politiikan teemoista kiinnostunut toimittaja sek\u00e4 valtio-opin ja kansainv\u00e4lisen politiikan opiskelija Tampereen yliopistosta.<\/span><\/p>\n<p><i><span style=\"font-weight: 400;\">*Teksti on julkaistu osana Suomen YK-nuorten ja Kansainv\u00e4lisen politiikan yhdistyksen (FAIA) #\u00c4\u00e4niNuorelle-kampanjaa, joka antaa nuorille kirjoittajille mahdollisuuden tuoda esille omia n\u00e4k\u00f6kulmiaan kansainv\u00e4lisiin asioihin liittyen eduskuntavaalien alla. Blogiteksteiss\u00e4 esitetyt n\u00e4kemykset edustavat kirjoittajien henkil\u00f6kohtaisia n\u00e4k\u00f6kulmia.<\/span><\/i><\/p>","protected":false},"excerpt":{"rendered":"<p>Vuoden 2023 eduskuntavaalien teemoiksi ovat muodostuneet talous ja turvallisuus. Turvallisuusteema on kuitenkin j\u00e4\u00e4nyt kapeaksi sen k\u00e4sitt\u00e4ess\u00e4 vain Suomen ja Euroopan sis\u00e4isen turvallisuuden sek\u00e4 puolustusta koskevat kysymykset. Eduskuntavaaleissa on tyypillist\u00e4 k\u00e4\u00e4nty\u00e4 sis\u00e4\u00e4np\u00e4in tarkastelemaan paikallisia ongelmia. Kansainv\u00e4lisen yhteis\u00f6n, rauhan ja ihmisoikeuksien teemat j\u00e4\u00e4v\u00e4t eduskuntavaaleissa taka-alalle, vaikka aikamme ei ole n\u00e4ist\u00e4 irrallaan; olemme isolta osin ep\u00e4onnistuneet rauhan edist\u00e4misess\u00e4&#8230;<\/p>","protected":false},"author":1,"featured_media":0,"comment_status":"open","ping_status":"open","sticky":false,"template":"","format":"standard","meta":{"_kadence_starter_templates_imported_post":false,"_kad_post_transparent":"","_kad_post_title":"","_kad_post_layout":"","_kad_post_sidebar_id":"","_kad_post_content_style":"","_kad_post_vertical_padding":"","_kad_post_feature":"","_kad_post_feature_position":"","_kad_post_header":false,"_kad_post_footer":false,"footnotes":""},"categories":[116],"tags":[],"class_list":["post-2090","post","type-post","status-publish","format-standard","hentry","category-voicetoyouth"],"_links":{"self":[{"href":"https:\/\/www.faiafinland.fi\/en\/wp-json\/wp\/v2\/posts\/2090","targetHints":{"allow":["GET"]}}],"collection":[{"href":"https:\/\/www.faiafinland.fi\/en\/wp-json\/wp\/v2\/posts"}],"about":[{"href":"https:\/\/www.faiafinland.fi\/en\/wp-json\/wp\/v2\/types\/post"}],"author":[{"embeddable":true,"href":"https:\/\/www.faiafinland.fi\/en\/wp-json\/wp\/v2\/users\/1"}],"replies":[{"embeddable":true,"href":"https:\/\/www.faiafinland.fi\/en\/wp-json\/wp\/v2\/comments?post=2090"}],"version-history":[{"count":4,"href":"https:\/\/www.faiafinland.fi\/en\/wp-json\/wp\/v2\/posts\/2090\/revisions"}],"predecessor-version":[{"id":2095,"href":"https:\/\/www.faiafinland.fi\/en\/wp-json\/wp\/v2\/posts\/2090\/revisions\/2095"}],"wp:attachment":[{"href":"https:\/\/www.faiafinland.fi\/en\/wp-json\/wp\/v2\/media?parent=2090"}],"wp:term":[{"taxonomy":"category","embeddable":true,"href":"https:\/\/www.faiafinland.fi\/en\/wp-json\/wp\/v2\/categories?post=2090"},{"taxonomy":"post_tag","embeddable":true,"href":"https:\/\/www.faiafinland.fi\/en\/wp-json\/wp\/v2\/tags?post=2090"}],"curies":[{"name":"wp","href":"https:\/\/api.w.org\/{rel}","templated":true}]}}