{"id":1854,"date":"2017-06-26T17:33:13","date_gmt":"2017-06-26T17:33:13","guid":{"rendered":"https:\/\/www.faiafinland.fi\/?p=1854"},"modified":"2022-04-09T15:55:49","modified_gmt":"2022-04-09T15:55:49","slug":"puola-eun-kapinoitsija-ja-naton-mallioppilas","status":"publish","type":"post","link":"https:\/\/www.faiafinland.fi\/en\/2017\/06\/26\/puola-eun-kapinoitsija-ja-naton-mallioppilas\/","title":{"rendered":"Puola \u2013 EU:n kapinoitsija ja Naton mallioppilas"},"content":{"rendered":"<p><span style=\"font-weight: 400;\">Puola on hyvin keskeisess\u00e4 roolissa Euroopan politiikassa \u2013 eik\u00e4 ainoastaan geopoliittisen sijaintinsa vuoksi. Neuvostoaikaisen kulttuuriperinn\u00f6n ja traagisen historiansa vuoksi voisi kuvitella Puolan tasapainottelevan Ven\u00e4j\u00e4n ja muun Euroopan v\u00e4lill\u00e4, mutta Puola on selke\u00e4sti identifioinut itsens\u00e4 EU- ja Nato-j\u00e4senyyden my\u00f6t\u00e4 l\u00e4nsi-eurooppalaisten valtioiden rinnalle. \u201cEmme ole It\u00e4-Eurooppaa, vaan Keski-Eurooppaa\u201d, totesi puolalainen k\u00e4mppikseni. Eik\u00e4 toteamus ole pelk\u00e4st\u00e4\u00e4n poliittinen; pelk\u00e4n sijaintinsa puolesta Puolaa ei voida kuvailla It\u00e4-Euroopan maaksi nimitt\u00e4m\u00e4tt\u00e4 esimerkiksi Suomea samaan kategoriaan.<\/span><!--more Jatka lukemista--><\/p>\n<p><span style=\"font-weight: 400;\">Puolan hallituspuolue Laki ja Oikeus (Prawo i Sprawiedliwo\u015b\u0107, PiS) on ollut vallassa vuodesta 2015 l\u00e4htien ja nauttinut kannatusta kansalaisten keskuudessa oikeistoliberaalipuolueen (Platforma Obywatelska, PO) <a href=\"https:\/\/www.washingtonpost.com\/news\/monkey-cage\/wp\/2015\/11\/03\/did-poland-just-vote-in-an-authoritarian-government\/?utm_term=.af8ab6dc9e6f\" target=\"_blank\" rel=\"noopener\">kustannuksella<\/a>. Laki ja Oikeus on her\u00e4tt\u00e4nyt huolta Euroopan unionin komissiossa muun muassa muuttamalla oikeusistuimen toimintaperiaatteita, mik\u00e4 on her\u00e4tt\u00e4nyt huolta Puolan <a href=\"https:\/\/yle.fi\/uutiset\/3-8593011\" target=\"_blank\" rel=\"noopener\">oikeusvaltioperiaatteen<\/a> tilasta. Ranskan presidentti Emmanuel Macron suututti Puolan johdon presidenttivaalikampanjansa aikana toteamalla Laki ja Oikeus- puolueen johtajan Jaroslaw Kaczynskin olevan samaa poliittista perhett\u00e4 Marine Le Penin, Viktor Orbanin ja Vladimir Putinin <a href=\"http:\/\/www.reuters.com\/article\/us-france-election-poland-russia-idUSKBN17Y1IE\" target=\"_blank\" rel=\"noopener\">kanssa<\/a>. Turvapaikanhakijoiden suhteen Puolan johto puhuu yhdell\u00e4 \u00e4\u00e4nell\u00e4 Unkarin ja Tsekin kanssa: Puolan hallituksen mukaan valtion turvapaikkapolitiikka ei ole Euroopan Unionin komission toimivallan alla. PiS- puolueen johtajan Jaroslaw Kaczynskin\u00a0mukaan turvapaikanhakijoiden vastaanottaminen m\u00e4\u00e4ritell\u00e4\u00e4n terrorismiin kytkeytyneeksi <a href=\"http:\/\/www.thenews.pl\/1\/10\/Artykul\/251850,Poland-will-not-accept-refugees-ruling-party-leader\" target=\"_blank\" rel=\"noopener\">turvallisuusuhaksi<\/a>. T\u00e4st\u00e4 johtuen EU:n komissio valmistelee paraikaa <a href=\"http:\/\/www.euractiv.com\/section\/justice-home-affairs\/news\/eu-opens-sanctions-procedure-against-hungary-poland-and-czech-republic-over-refugees\/\" target=\"_blank\" rel=\"noopener\">sanktioita<\/a> edell\u00e4 mainituille valtioille EU:n yhteisten periaatteiden noudattamatta j\u00e4tt\u00e4misest\u00e4. \u00a0<\/span><\/p>\n<p><span style=\"font-weight: 400;\">EU:n takarivin oppilas Puola on sen sijaan kunnostautunut Natossa mallioppilaana, sill\u00e4 se k\u00e4ytt\u00e4\u00e4 monista muista Naton j\u00e4senmaista poiketen Naton vaatimusten mukaisesti 2 % BKT:sta puolustusmenoihinsa. Puolan uusimman puolustusselonteon mukaan asevoimia uudistetaan, joukkojen m\u00e4\u00e4r\u00e4\u00e4 kasvatetaan ja puolustusmenoja nostetaan entisest\u00e4\u00e4n. Ven\u00e4j\u00e4 on m\u00e4\u00e4ritelty suoraan yksiselitteiseksi turvallisuusuhaksi, mink\u00e4 vuoksi Nato-joukot on toivotettu tervetulleiksi Puolan it\u00e4osiin turvaksi ja pelotteeksi. <a href=\"http:\/\/www.mon.gov.pl\/d\/pliki\/rozne\/2017\/05\/koncepcja_obronna_rp.pdf\" target=\"_blank\" rel=\"noopener\">Yhdysvallat on Puolalle t\u00e4rkein turvallisuuspoliittinen liittolainen.<\/a><\/span><\/p>\n<p><span style=\"font-weight: 400;\">Donald Trumpin tuleva Varsovan visiitti on jo itsess\u00e4\u00e4n selke\u00e4 poliittinen viesti vahvasta liittolaisuudesta, sill\u00e4 vierailu varmistui nopealla aikataululla ja se on Trumpin vasta kolmas bilateraalinen valtiovierailu. Puolan presidentti Andrzej Duda on ilmaissut tyytyv\u00e4isyytens\u00e4 siihen, ett\u00e4 Trump saapuu ensiksi Varsovaan kuin L\u00e4nsi-Euroopan keskuksiin Pariisiin ja Berliiniin. Puolan toiveena on, ett\u00e4 Brysselin Nato-kokouksesta poiketen Trump on t\u00e4ll\u00e4 kertaa valmis sanomaan \u00e4\u00e4neen Yhdysvaltojen olevan ehdottoman sitoutunut Naton 5 artiklaan. Lis\u00e4ksi Trumpilta odotetaan j\u00e4m\u00e4k\u00e4mp\u00e4\u00e4 linjaa Ven\u00e4j\u00e4n suhteen, mik\u00e4 k\u00e4visi ilmi p\u00e4\u00e4t\u00f6ksell\u00e4 sijoittaa yhdysvaltalaiset joukot pysyv\u00e4sti Puolan it\u00e4osiin <a href=\"http:\/\/www.defence24.pl\/611405,obrona-i-nato-kluczowe-dla-trumpa-w-warszawie-relacja\" target=\"_blank\" rel=\"noopener\">turvaksi ja pelotteeksi<\/a>.\u00a0<\/span><\/p>\n<p>Maria Lavonen<br \/>\nFAIA:n hallituksen j\u00e4sen ja harjoittelija Varsovan puolustusasiamiestoimistossa<\/p>\n<p>Kuva: https:\/\/nato.usmission.gov\/nato-eu-statement\/<\/p>","protected":false},"excerpt":{"rendered":"<p>Puola on hyvin keskeisess\u00e4 roolissa Euroopan politiikassa \u2013 eik\u00e4 ainoastaan geopoliittisen sijaintinsa vuoksi. Neuvostoaikaisen kulttuuriperinn\u00f6n ja traagisen historiansa vuoksi voisi kuvitella Puolan tasapainottelevan Ven\u00e4j\u00e4n ja muun Euroopan v\u00e4lill\u00e4, mutta Puola on selke\u00e4sti identifioinut itsens\u00e4 EU- ja Nato-j\u00e4senyyden my\u00f6t\u00e4 l\u00e4nsi-eurooppalaisten valtioiden rinnalle. \u201cEmme ole It\u00e4-Eurooppaa, vaan Keski-Eurooppaa\u201d, totesi puolalainen k\u00e4mppikseni. Eik\u00e4 toteamus ole pelk\u00e4st\u00e4\u00e4n poliittinen; pelk\u00e4n&#8230;<\/p>","protected":false},"author":1,"featured_media":1856,"comment_status":"open","ping_status":"open","sticky":false,"template":"","format":"standard","meta":{"_kadence_starter_templates_imported_post":false,"_kad_post_transparent":"","_kad_post_title":"","_kad_post_layout":"","_kad_post_sidebar_id":"","_kad_post_content_style":"","_kad_post_vertical_padding":"","_kad_post_feature":"","_kad_post_feature_position":"","_kad_post_header":false,"_kad_post_footer":false,"footnotes":""},"categories":[54],"tags":[32,81],"class_list":["post-1854","post","type-post","status-publish","format-standard","has-post-thumbnail","hentry","category-analyysit","tag-nato","tag-puola"],"_links":{"self":[{"href":"https:\/\/www.faiafinland.fi\/en\/wp-json\/wp\/v2\/posts\/1854","targetHints":{"allow":["GET"]}}],"collection":[{"href":"https:\/\/www.faiafinland.fi\/en\/wp-json\/wp\/v2\/posts"}],"about":[{"href":"https:\/\/www.faiafinland.fi\/en\/wp-json\/wp\/v2\/types\/post"}],"author":[{"embeddable":true,"href":"https:\/\/www.faiafinland.fi\/en\/wp-json\/wp\/v2\/users\/1"}],"replies":[{"embeddable":true,"href":"https:\/\/www.faiafinland.fi\/en\/wp-json\/wp\/v2\/comments?post=1854"}],"version-history":[{"count":1,"href":"https:\/\/www.faiafinland.fi\/en\/wp-json\/wp\/v2\/posts\/1854\/revisions"}],"predecessor-version":[{"id":1857,"href":"https:\/\/www.faiafinland.fi\/en\/wp-json\/wp\/v2\/posts\/1854\/revisions\/1857"}],"wp:featuredmedia":[{"embeddable":true,"href":"https:\/\/www.faiafinland.fi\/en\/wp-json\/wp\/v2\/media\/1856"}],"wp:attachment":[{"href":"https:\/\/www.faiafinland.fi\/en\/wp-json\/wp\/v2\/media?parent=1854"}],"wp:term":[{"taxonomy":"category","embeddable":true,"href":"https:\/\/www.faiafinland.fi\/en\/wp-json\/wp\/v2\/categories?post=1854"},{"taxonomy":"post_tag","embeddable":true,"href":"https:\/\/www.faiafinland.fi\/en\/wp-json\/wp\/v2\/tags?post=1854"}],"curies":[{"name":"wp","href":"https:\/\/api.w.org\/{rel}","templated":true}]}}