{"id":1808,"date":"2017-02-03T18:24:45","date_gmt":"2017-02-03T18:24:45","guid":{"rendered":"https:\/\/www.faiafinland.fi\/?p=1808"},"modified":"2022-03-31T10:02:46","modified_gmt":"2022-03-31T10:02:46","slug":"vieraskyna-emme-suostu-pelkaamaan","status":"publish","type":"post","link":"https:\/\/www.faiafinland.fi\/en\/2017\/02\/03\/vieraskyna-emme-suostu-pelkaamaan\/","title":{"rendered":"Vieraskyn\u00e4: Emme suostu pelk\u00e4\u00e4m\u00e4\u00e4n"},"content":{"rendered":"<p><span style=\"font-weight: 400;\">Jatkuvan Syyrian sis\u00e4llissodan, maassa vellovan kuivuuden ja muiden sotien my\u00f6t\u00e4 Eurooppaan suuntaa valtava m\u00e4\u00e4r\u00e4 ihmisi\u00e4, jotka pakenevat kotimaissaan vallitsevaa hillit\u00f6nt\u00e4 v\u00e4kivaltaa ja elinkeinojen katoamista. N\u00e4iden ihmisten matka Eurooppaan on kaikkea muuta kuin helppo. Matkan varrella ihmisi\u00e4 kuolee ravinnon puutteeseen tai muuten vain surkeisiin olosuhteisiin. Valtava m\u00e4\u00e4r\u00e4 pakenevia ihmisi\u00e4 my\u00f6s menett\u00e4\u00e4 \u00a0henkens\u00e4 hukkumalla, sill\u00e4 he pakkaavat pienet, heiver\u00f6iset veneet t\u00e4yteen matkustajia. Ihmiset k\u00e4rsiv\u00e4t h\u00e4t\u00e4\u00e4.<\/span><\/p>\n<p><span style=\"font-weight: 400;\">On siis ihmeellist\u00e4, miten heid\u00e4n p\u00e4\u00e4sty\u00e4\u00e4n Eurooppaan ja saatuaan turvapaikan heihin kohdistuu valtavasti ep\u00e4luuloja ja rasismia. Esimerkiksi Suomessa turvapaikanhakijoita kantavaa bussia p\u00e4in heitettiin polttopullo ja suomalainen mies pukeutui Ku Klux Klanin kaapuun. Ovatko ihmiset oikeasti n\u00e4in julmia vai eik\u00f6 heill\u00e4 yksinkertaisesti ole vain tietoa n\u00e4iden ihmisten taustoista? Monet sanovat, ett\u00e4 ihmisi\u00e4 ei tulisi p\u00e4\u00e4st\u00e4\u00e4 maahamme, sill\u00e4 raiskausten m\u00e4\u00e4r\u00e4 on lis\u00e4\u00e4ntynyt pakolaiskriisin my\u00f6t\u00e4. Kuuluisiko siis miljoonat ihmiset l\u00e4hett\u00e4\u00e4 takaisin kotimaahansa kuolemaan sis\u00e4llissodan julmuuksiin ja k\u00f6yhyyteen sen takia, ett\u00e4 joukko idiootteja on raiskannut naisia Euroopassa? Ent\u00e4 annetaanko Euroopassa tosiaan periksi pelolle Isisi\u00e4 kohtaan? T\u00e4t\u00e4h\u00e4n terroristiryhm\u00e4t nimenomaan tahtovat edist\u00e4\u00e4, pelkoa. Mielest\u00e4ni paras ase Isisi\u00e4 vastaan on rohkeus ja pelottomuus. Jos riist\u00e4mme heilt\u00e4 heid\u00e4n suurimman aseensa, on Isis heti paljon pienempi uhka.<\/span><\/p>\n<p><span style=\"font-weight: 400;\">Luulevatko ihmiset oikeasti, ett\u00e4 toiset l\u00e4htev\u00e4t pitk\u00e4lle, rankalle matkalle pois kotimaastaan ilman varmaa p\u00e4\u00e4m\u00e4\u00e4r\u00e4\u00e4 vain sen takia, ett\u00e4 he saisivat pienen toimeentulorahan Suomen Kelalta. Min\u00e4 en usko. Ironista on, ett\u00e4 Suomestakin on l\u00e4htenyt valtavat aallot maahanmuuttajia Amerikkaan. N\u00e4m\u00e4kin ihmiset olivat nuoria miehi\u00e4, tosin he l\u00e4htiv\u00e4t pelk\u00e4st\u00e4\u00e4n t\u00f6iden ja rahan per\u00e4ss\u00e4. Uskon, ett\u00e4 se, mit\u00e4 ihmiset kokevat turvapaikanhakijoita kohtaan on pelkoa. Se on pelkoa tuntematonta uhkaa kohtaan, josta ihmiset eiv\u00e4t ymm\u00e4rr\u00e4 mit\u00e4\u00e4n. Pelko ja ep\u00e4luulot puretaan ainoalla tavalla, mit\u00e4 ihmiset keksiv\u00e4t, v\u00e4kivallalla ja sorrolla.<\/span><\/p>\n<p><span style=\"font-weight: 400;\">Kuten Paleface laulaa: \u201dVoi teit\u00e4 nahkap\u00e4\u00e4t, emme suostu pelk\u00e4\u00e4m\u00e4\u00e4n.\u201d Meid\u00e4n ei tulisi antaa periksi pelolle tuntematonta ja meit\u00e4 vaarallisilta pakolaisilta suojaavia katupartioita kohtaan. Jos pystymme tekem\u00e4\u00e4n t\u00e4llaiset katupartiot naurunalaisiksi huumorin keinoin, pystymme my\u00f6s voittamaan rasismin ja ep\u00e4luulot.<\/span><\/p>\n<p>Oskari Miettunen<br \/>\n<span style=\"font-weight: 400;\">Opiskelija<\/span><span style=\"font-weight: 400;\"><br \/>\n<\/span><span style=\"font-weight: 400;\">Tampereen yliopiston normaalikoulun lukio <\/span><\/p>\n<p><span style=\"font-weight: 400;\">Teksti on julkaistu kirjoittajan luvalla<\/span><\/p>\n<p><i><span style=\"font-weight: 400;\">Teksti on kirjoitettu osana Tampereen yliopiston normaalikoulun lukion historian \u201ckansainv\u00e4liset suhteet\u201d-kurssia. Opiskelijoita\u00a0pyydettiin pohtimaan jotakin nykyp\u00e4iv\u00e4n kansainv\u00e4list\u00e4 ilmi\u00f6t\u00e4, joka huolestuttaa suomalaisia nuoria. Teht\u00e4v\u00e4n\u00e4 oli kirjoittaa asiasta lukiolaisen n\u00e4k\u00f6kulma ja tuoda nuorten ajatuksia kuuluviin. Julkaistu teksti valittiin ryhm\u00e4n parhaaksi, koska se her\u00e4tt\u00e4\u00e4 ajatuksia siit\u00e4, miksi pelk\u00e4\u00e4mme ja mit\u00e4 pelko saa ihmiset tekem\u00e4\u00e4n. Kurssia ohjasi FAIA:n hallituksen tiedotuskoordinaattori Lara osana aineenopettajan opintoihin kuuluvaa opetusharjoittelua.<\/span><\/i><\/p>","protected":false},"excerpt":{"rendered":"<p>Jatkuvan Syyrian sis\u00e4llissodan, maassa vellovan kuivuuden ja muiden sotien my\u00f6t\u00e4 Eurooppaan suuntaa valtava m\u00e4\u00e4r\u00e4 ihmisi\u00e4, jotka pakenevat kotimaissaan vallitsevaa hillit\u00f6nt\u00e4 v\u00e4kivaltaa ja elinkeinojen katoamista. N\u00e4iden ihmisten matka Eurooppaan on kaikkea muuta kuin helppo. Matkan varrella ihmisi\u00e4 kuolee ravinnon puutteeseen tai muuten vain surkeisiin olosuhteisiin. Valtava m\u00e4\u00e4r\u00e4 pakenevia ihmisi\u00e4 my\u00f6s menett\u00e4\u00e4 \u00a0henkens\u00e4 hukkumalla, sill\u00e4 he pakkaavat&#8230;<\/p>","protected":false},"author":1,"featured_media":1861,"comment_status":"open","ping_status":"open","sticky":false,"template":"","format":"standard","meta":{"_kadence_starter_templates_imported_post":false,"_kad_post_transparent":"","_kad_post_title":"","_kad_post_layout":"","_kad_post_sidebar_id":"","_kad_post_content_style":"","_kad_post_vertical_padding":"","_kad_post_feature":"","_kad_post_feature_position":"","_kad_post_header":false,"_kad_post_footer":false,"footnotes":""},"categories":[9,52,13],"tags":[68,67],"class_list":["post-1808","post","type-post","status-publish","format-standard","has-post-thumbnail","hentry","category-ajankohtaista","category-nakokulma","category-vieraskyna","tag-maahanmuutto","tag-pakolaisuus"],"_links":{"self":[{"href":"https:\/\/www.faiafinland.fi\/en\/wp-json\/wp\/v2\/posts\/1808","targetHints":{"allow":["GET"]}}],"collection":[{"href":"https:\/\/www.faiafinland.fi\/en\/wp-json\/wp\/v2\/posts"}],"about":[{"href":"https:\/\/www.faiafinland.fi\/en\/wp-json\/wp\/v2\/types\/post"}],"author":[{"embeddable":true,"href":"https:\/\/www.faiafinland.fi\/en\/wp-json\/wp\/v2\/users\/1"}],"replies":[{"embeddable":true,"href":"https:\/\/www.faiafinland.fi\/en\/wp-json\/wp\/v2\/comments?post=1808"}],"version-history":[{"count":1,"href":"https:\/\/www.faiafinland.fi\/en\/wp-json\/wp\/v2\/posts\/1808\/revisions"}],"predecessor-version":[{"id":1810,"href":"https:\/\/www.faiafinland.fi\/en\/wp-json\/wp\/v2\/posts\/1808\/revisions\/1810"}],"wp:featuredmedia":[{"embeddable":true,"href":"https:\/\/www.faiafinland.fi\/en\/wp-json\/wp\/v2\/media\/1861"}],"wp:attachment":[{"href":"https:\/\/www.faiafinland.fi\/en\/wp-json\/wp\/v2\/media?parent=1808"}],"wp:term":[{"taxonomy":"category","embeddable":true,"href":"https:\/\/www.faiafinland.fi\/en\/wp-json\/wp\/v2\/categories?post=1808"},{"taxonomy":"post_tag","embeddable":true,"href":"https:\/\/www.faiafinland.fi\/en\/wp-json\/wp\/v2\/tags?post=1808"}],"curies":[{"name":"wp","href":"https:\/\/api.w.org\/{rel}","templated":true}]}}