{"id":1732,"date":"2016-11-16T06:50:03","date_gmt":"2016-11-16T06:50:03","guid":{"rendered":"https:\/\/www.faiafinland.fi\/?p=1732"},"modified":"2024-03-15T07:20:10","modified_gmt":"2024-03-15T07:20:10","slug":"chilelainen-yhteiskunta-pahkinankuoressa-kolme-pointtia","status":"publish","type":"post","link":"https:\/\/www.faiafinland.fi\/en\/2016\/11\/16\/chilelainen-yhteiskunta-pahkinankuoressa-kolme-pointtia\/","title":{"rendered":"Chilel\u00e4inen yhteiskunta p\u00e4hkin\u00e4nkuoressa: kolme pointtia"},"content":{"rendered":"<p>Reilu kolme vuotta vaihto-oppilasvuoteni j\u00e4lkeen olen nyt palannut Etel\u00e4-Amerikkaan ja viet\u00e4n t\u00e4\u00e4ll\u00e4 seuraavat 8 viikkoa. Kerron teille kolmesta asiasta, jotka ovat mietitytt\u00e4neet minua etel\u00e4chilel\u00e4isessa yhteis\u00f6ss\u00e4ni.<\/p>\n<figure id=\"attachment_710\" aria-describedby=\"caption-attachment-710\" style=\"width: 546px\" class=\"wp-caption alignnone\"><img loading=\"lazy\" decoding=\"async\" class=\"wp-image-710\" src=\"https:\/\/faiafinland.files.wordpress.com\/2016\/11\/img_20161115_100319.jpg\" alt=\"img_20161115_100319.jpg\" width=\"546\" height=\"465\" srcset=\"https:\/\/www.faiafinland.fi\/wp-content\/uploads\/2016\/11\/img_20161115_100319.jpg 1944w, https:\/\/www.faiafinland.fi\/wp-content\/uploads\/2016\/11\/img_20161115_100319-300x256.jpg 300w, https:\/\/www.faiafinland.fi\/wp-content\/uploads\/2016\/11\/img_20161115_100319-1024x872.jpg 1024w, https:\/\/www.faiafinland.fi\/wp-content\/uploads\/2016\/11\/img_20161115_100319-768x654.jpg 768w, https:\/\/www.faiafinland.fi\/wp-content\/uploads\/2016\/11\/img_20161115_100319-1536x1308.jpg 1536w\" sizes=\"auto, (max-width: 546px) 100vw, 546px\" \/><figcaption id=\"caption-attachment-710\" class=\"wp-caption-text\">Chilen IX osavaltio Araucania, Etel\u00e4-Chile<\/figcaption><\/figure>\n<ol>\n<li>Turvallisuus<\/li>\n<\/ol>\n<p>11.9.1973 kenraali Augusto Pinochet syrj\u00e4ytti sotilasvallankaappauksessa demokraattisesti valitun vasemmistopresidentti Salvador Allenden. Pinochetin aikana poliittisia toisinajattelijoita kidutettiin ja tapettiin. Chilel\u00e4inen vaihto-oppilasaikani host-\u00e4iti eli nuoruuttaan Pinochetin diktatuurissa. H\u00e4n kuvaili minulle, kuinka pelko oli vahvasti l\u00e4sn\u00e4 ihmisten arjessa. Ulkona ei saanut tai kannattanut liikkua yksin, sill\u00e4 ihmisi\u00e4 katosi ja kuoli. Ihmiset pelk\u00e4siv\u00e4t myos toisiaan \u2013 kuka tahansa saattoi ilmiantaa naapurinsa kommunistina. Oikeistodiktatuurin aika paattyi vuonna 1988 j\u00e4rjestettyyn kansan\u00e4\u00e4nestykseen, jossa kansa \u00e4\u00e4nesti Pinochetin presidenttina jatkamista vastaan.<\/p>\n<p>Kun saavuin Chileen ensimm\u00e4ist\u00e4 kertaa syksylla 2012, halusin urheilla, harrastaa ja kokea niin paljon kuin vain oli mahdollista. En ymm\u00e4rt\u00e4nyt, miksi chilel\u00e4inen is\u00e4nt\u00e4perheeni ja paikalliset l\u00e4heiseni viihtyivat niin hyvin kotona. Koti on ihmisille t\u00e4\u00e4ll\u00e4 hyvin t\u00e4rke\u00e4 paikka. Diktatuurin aikaan koti oli myos turva, jossa saattoi olla rauhassa. Uskon, etta diktatuurin aikana el\u00e4minen on vaikuttanut vahvasti erityisesti vanhempien ihmisten el\u00e4m\u00e4\u00e4n. He arvostavat turvallisuutta hyvin paljon.<\/p>\n<figure id=\"attachment_706\" aria-describedby=\"caption-attachment-706\" style=\"width: 548px\" class=\"wp-caption alignnone\"><img loading=\"lazy\" decoding=\"async\" class=\"wp-image-706\" src=\"https:\/\/faiafinland.files.wordpress.com\/2016\/11\/wp-image-2117887610jpg.jpg\" alt=\"wp-image-2117887610jpg.jpg\" width=\"548\" height=\"726\" \/><figcaption id=\"caption-attachment-706\" class=\"wp-caption-text\">Curacautin, IX osavaltio, Etel\u00e4-Chile<\/figcaption><\/figure>\n<ol start=\"2\">\n<li>Perhe<\/li>\n<\/ol>\n<p>Perhe on t\u00e4rke\u00e4 yhteis\u00f6. Minun chilel\u00e4iseen perheeseeni kuuluvat vanhemmat, kaksi siskoa ja siskojeni serkku, joka asuu kanssamme. Vanhempani saivat isosiskoni, kun \u00e4itini oli 19-vuotias. Perheeseen kuuluvat toki my\u00f6s t\u00e4dit, sed\u00e4t, isovanhemmat ja niin edelleen. Kavereiden vanhemmatkin ovat seti\u00e4 ja tatej\u00e4.<\/p>\n<p><span style=\"font-weight: 400;\">Ainakin minun yhteis\u00f6ss\u00e4ni perhesiteet ovat ihmisten vahvimmat ihmissuhteet. Yst\u00e4v\u00e4t, kaverit, kumppanit ja naapurit vaihtuvat, mutta perhe pysyy yhdess\u00e4. Kalliin koulutuksen ja yliopistomaksujen vuoksi nuoret my\u00f6s asuvat pitk\u00e4\u00e4n kotona. Usein nuoret muuttavat omilleen vasta valmistuttuaan yliopistosta tai perustaessaan omaa perhett\u00e4.<\/span><\/p>\n<figure id=\"attachment_708\" aria-describedby=\"caption-attachment-708\" style=\"width: 562px\" class=\"wp-caption alignnone\"><img loading=\"lazy\" decoding=\"async\" class=\"wp-image-708\" src=\"https:\/\/www.faiafinland.fi\/wp-content\/uploads\/2016\/11\/wp-image-799844309jpg-scaled.jpg\" alt=\"\" width=\"562\" height=\"745\" srcset=\"https:\/\/www.faiafinland.fi\/wp-content\/uploads\/2016\/11\/wp-image-799844309jpg-scaled.jpg 1932w, https:\/\/www.faiafinland.fi\/wp-content\/uploads\/2016\/11\/wp-image-799844309jpg-226x300.jpg 226w, https:\/\/www.faiafinland.fi\/wp-content\/uploads\/2016\/11\/wp-image-799844309jpg-773x1024.jpg 773w, https:\/\/www.faiafinland.fi\/wp-content\/uploads\/2016\/11\/wp-image-799844309jpg-768x1018.jpg 768w, https:\/\/www.faiafinland.fi\/wp-content\/uploads\/2016\/11\/wp-image-799844309jpg-1159x1536.jpg 1159w, https:\/\/www.faiafinland.fi\/wp-content\/uploads\/2016\/11\/wp-image-799844309jpg-1546x2048.jpg 1546w\" sizes=\"auto, (max-width: 562px) 100vw, 562px\" \/><figcaption id=\"caption-attachment-708\" class=\"wp-caption-text\">Julkisen terveydenhoitorahaston yksikk\u00f6 suljettuna lakon vuoksi.<\/figcaption><\/figure>\n<ol start=\"3\">\n<li>Lakot<\/li>\n<\/ol>\n<p>Chiless\u00e4 yhteiskunnallisen vaikuttamisen keinoja ovat muun muassa lakot ja mielenosoitukset. Erityisesti yliopisto-opiskelijat ovat aktiivisia yhteiskunnan toimijoita, jotka ottavat kantaa politiikkaan ja yhteiskunnan asioihin ja osallistuvat lakkoihin. Yliopistoissa \u00e4\u00e4nestet\u00e4\u00e4n lakkoon menemisest\u00e4, ja mik\u00e4li lakko astuu voimaan, yliopisto suljetaan. Serkkuni julkinen yliopisto oli viime lukuvuonna lakossa yli kolme kuukautta, mink\u00e4 vuoksi kev\u00e4tlukukautta jatkettiin kes\u00e4n helteisiin asti menetettyjen viikkojen korvaamiseksi.<\/p>\n<p>My\u00f6s muut yhteiskunnan julkiset toimijat lakkoilevat. Kotikaupunkini Temucon museo on lakossa, sill\u00e4 sen ty\u00f6ntekij\u00e4t vaativat korkeampia palkkoja. Viimeaikoina my\u00f6s kansalliseen el\u00e4kej\u00e4rjestelm\u00e4\u00e4n muutosta vaativat mielenosoitukset ja lakot ovat pys\u00e4ytt\u00e4neet v\u00e4liaikaisesti yhteiskunnan eri toimintoja.<\/p>\n<p>Ulkopuolisen, maailmanpolitiikan opiskelijan silmiin Chile n\u00e4ytt\u00e4\u00e4 etsiv\u00e4n suuntaansa. Sosialismi vai oikeistolaisuus? Yksityinen vai julkinen? Vanha vai uusi? Marraskuussa 2017 j\u00e4rjestett\u00e4v\u00e4t presidentinvaalit tulevat m\u00e4\u00e4rittelem\u00e4\u00e4n Chilen l\u00e4hitulevaisuuden suunnan.<\/p>\n<p>Riikka Ilmonen<br \/>\nFAIA:n hallituksen j\u00e4sen, joka oli Chiless\u00e4 vaihdossa lukuvuoden 2012\u20132013.<\/p>","protected":false},"excerpt":{"rendered":"<p>Reilu kolme vuotta vaihto-oppilasvuoteni j\u00e4lkeen olen nyt palannut Etel\u00e4-Amerikkaan ja viet\u00e4n t\u00e4\u00e4ll\u00e4 seuraavat 8 viikkoa. Kerron teille kolmesta asiasta, jotka ovat mietitytt\u00e4neet minua etel\u00e4chilel\u00e4isessa yhteis\u00f6ss\u00e4ni. Turvallisuus 11.9.1973 kenraali Augusto Pinochet syrj\u00e4ytti sotilasvallankaappauksessa demokraattisesti valitun vasemmistopresidentti Salvador Allenden. Pinochetin aikana poliittisia toisinajattelijoita kidutettiin ja tapettiin. Chilel\u00e4inen vaihto-oppilasaikani host-\u00e4iti eli nuoruuttaan Pinochetin diktatuurissa. H\u00e4n kuvaili minulle, kuinka&#8230;<\/p>","protected":false},"author":1,"featured_media":0,"comment_status":"open","ping_status":"open","sticky":false,"template":"","format":"standard","meta":{"_kadence_starter_templates_imported_post":false,"_kad_post_transparent":"","_kad_post_title":"","_kad_post_layout":"","_kad_post_sidebar_id":"","_kad_post_content_style":"","_kad_post_vertical_padding":"","_kad_post_feature":"","_kad_post_feature_position":"","_kad_post_header":false,"_kad_post_footer":false,"footnotes":""},"categories":[54],"tags":[],"class_list":["post-1732","post","type-post","status-publish","format-standard","hentry","category-analyysit"],"_links":{"self":[{"href":"https:\/\/www.faiafinland.fi\/en\/wp-json\/wp\/v2\/posts\/1732","targetHints":{"allow":["GET"]}}],"collection":[{"href":"https:\/\/www.faiafinland.fi\/en\/wp-json\/wp\/v2\/posts"}],"about":[{"href":"https:\/\/www.faiafinland.fi\/en\/wp-json\/wp\/v2\/types\/post"}],"author":[{"embeddable":true,"href":"https:\/\/www.faiafinland.fi\/en\/wp-json\/wp\/v2\/users\/1"}],"replies":[{"embeddable":true,"href":"https:\/\/www.faiafinland.fi\/en\/wp-json\/wp\/v2\/comments?post=1732"}],"version-history":[{"count":2,"href":"https:\/\/www.faiafinland.fi\/en\/wp-json\/wp\/v2\/posts\/1732\/revisions"}],"predecessor-version":[{"id":1735,"href":"https:\/\/www.faiafinland.fi\/en\/wp-json\/wp\/v2\/posts\/1732\/revisions\/1735"}],"wp:attachment":[{"href":"https:\/\/www.faiafinland.fi\/en\/wp-json\/wp\/v2\/media?parent=1732"}],"wp:term":[{"taxonomy":"category","embeddable":true,"href":"https:\/\/www.faiafinland.fi\/en\/wp-json\/wp\/v2\/categories?post=1732"},{"taxonomy":"post_tag","embeddable":true,"href":"https:\/\/www.faiafinland.fi\/en\/wp-json\/wp\/v2\/tags?post=1732"}],"curies":[{"name":"wp","href":"https:\/\/api.w.org\/{rel}","templated":true}]}}