{"id":1552,"date":"2021-05-27T21:59:21","date_gmt":"2021-05-27T21:59:21","guid":{"rendered":"https:\/\/www.faiafinland.fi\/?p=1552"},"modified":"2022-04-16T16:41:53","modified_gmt":"2022-04-16T16:41:53","slug":"kansainvaliset-uratarinat-ville-majamaa","status":"publish","type":"post","link":"https:\/\/www.faiafinland.fi\/en\/2021\/05\/27\/kansainvaliset-uratarinat-ville-majamaa\/","title":{"rendered":"KANSAINV\u00c4LISET URATARINAT: Ville Majamaa"},"content":{"rendered":"<p><strong>Mik\u00e4 on nimesi?\u00a0<\/strong><\/p>\r\n<p>Ville Majamaa, 28v<\/p>\r\n\r\n\r\n\r\n\r\n\r\n<p><strong>Mit\u00e4 teet ty\u00f6ksesi ja mit\u00e4 teht\u00e4viisi kuuluu?<\/strong><\/p>\r\n<p>Ty\u00f6skentelen Euroopan komission\u00a0laajentumis- ja naapuruuspolitiikan (DG NEAR) p\u00e4\u00e4osastolla instituutioiden vahvistamisesta vastaavassa yksik\u00f6ss\u00e4. Organisaatiokaaviosta meid\u00e4t l\u00f6yt\u00e4\u00e4 tunnuksella C3. Vastuullani on mm. briiffien ja puheiden laatiminen ja koordinointi, innovaatio -ja tutkimuspolitiikan koordinointi L\u00e4nsi-Balkanilla sek\u00e4 viestint\u00e4 ja siihen liittyv\u00e4t julkiset hankinnat.\u00a0\u00a0Yksikk\u00f6mme vastaa ns. teknisen tuen j\u00e4rjest\u00e4misest\u00e4 EU:n kumppanimaissa. T\u00e4t\u00e4 varten meill\u00e4 on k\u00e4yt\u00f6ss\u00e4 kaksi instrumenttia, joista ensimm\u00e4inen (TAIEX) mahdollistaa nopean ja lyhytaikaisen tuen j\u00e4rjest\u00e4misen ja toinen (Twinning) pitk\u00e4aikaisen sitoutumisen kumppanimaan hallinnon tukemiseksi. Molemmat instrumentit perustuvat EU-j\u00e4senmaiden julkishallinnon ammattilaisten osaamisen jakamiseen.<\/p>\r\n\r\n\r\n\r\n\r\n\r\n<p><strong>Kuinka olet p\u00e4\u00e4tynyt siihen, miss\u00e4 olet nyt?<\/strong><\/p>\r\n<p>Aloitin komission bluebook harjoittelussa samalla p\u00e4\u00e4osastolla kev\u00e4\u00e4ll\u00e4 2019. Hain harjoittelun aikana komission silloin pilotoimaan \u201dJunior Professional\u201d ohjelmaan ja j\u00e4in sit\u00e4 kautta taloon. Ohjelmassa ty\u00f6skennell\u00e4\u00e4n kolmella eri p\u00e4\u00e4osastolla kahden vuoden ajan. Omat kaksi muuta p\u00e4\u00e4osastoani ovat olleet sis\u00e4asioiden p\u00e4\u00e4osasto (DG HOME) ja energiapolitiikan p\u00e4\u00e4osasto (DG ENER).<\/p>\r\n\r\n\r\n\r\n\r\n\r\n<p><strong>Mik\u00e4 on ollut unohtumattomin hetki nykyisess\u00e4 tai jossain aiemmassa pestiss\u00e4?<\/strong><\/p>\r\n<p>Toistaiseksi mieleenpainuvin kokemus on DG HOME- p\u00e4\u00e4osastolta, jonka kansainv\u00e4lisest\u00e4 strategiasta vastaavassa yksik\u00f6ss\u00e4 hoidin EU:n suhteita Ven\u00e4j\u00e4\u00e4n ja Keski-Aasiaan. EU neuvotteli tuohon aikaan Uzbekistanin kanssa uudesta kumppanuussopimuksesta ja itse vastasin n\u00e4iss\u00e4 neuvotteluissa maahanmuuttoon ja turvallisuuteen liittyvist\u00e4 artikloista. Suunnitellun kestonsa tuplasti ylitt\u00e4neen intensiivisen neuvottelukierroksen Uzbekistanin varaulkoministerin ja paikallisen rahtiliikennekuljettajien ammattiliiton edustajien kanssa tulen muistamaan viel\u00e4 pitk\u00e4\u00e4n.<\/p>\r\n\r\n\r\n\r\n\r\n\r\n<p><strong>Ent\u00e4 voitko paljastaa jonkun t\u00f6iss\u00e4 tapahtuneen kommelluksen?<\/strong><\/p>\r\n\r\n\r\n\r\n<p>Alkuvaiheessa muutaman kerran k\u00e4vi niin, ett\u00e4 minua ei p\u00e4\u00e4stetty johonkin kokoukseen mukaan (tai edes taloon sis\u00e4lle) vaikka olin vastuussa kokouksen sis\u00e4ll\u00f6ist\u00e4.<\/p>\r\n\r\n\r\n\r\n<p><strong>Mink\u00e4 neuvon haluaisit antaa nuoremmalle itsellesi?<\/strong><\/p>\r\n\r\n\r\n\r\n<p>Mit\u00e4 tahansa kieli\u00e4 koulussa opiskeleekaan, niin n\u00e4iss\u00e4 hommissa ne varmasti tulevat vastaan my\u00f6hemmin. Ei kannata liikaa mietti\u00e4 esimerkiksi ven\u00e4j\u00e4n ja ranskan kielen v\u00e4lill\u00e4 yl\u00e4asteella tai lukiossa. Koskaan ei ole liian aikaista eik\u00e4 liian my\u00f6h\u00e4ist\u00e4 aloittaa uuden kielen opiskelua ja kaikesta kielitaidosta on hy\u00f6ty\u00e4.<\/p>\r\n\r\n\r\n\r\n<p><strong>Mist\u00e4 kansainv\u00e4lispoliittisesta aiheesta haluaisit seuraavaksi oppia lis\u00e4\u00e4?<\/strong><\/p>\r\n\r\n\r\n\r\n<p>Kokonaisturvallisuus kiinnostaa ja on yh\u00e4 enemm\u00e4n esill\u00e4 politiikka-alasta riippumatta. Siin\u00e4 nimenomaan kiehtoo, miten pystymme v\u00e4ltt\u00e4m\u00e4\u00e4n jonkun politiikka-alan \u201dturvallistamisen\u201d ja mukautumisen ns. kovalle turvallisuudelle tyypilliseen ajatteluun ja sen sijaan muuttamaan perinteisen turvallisuuden k\u00e4sityst\u00e4 monimuotoisemmaksi.<\/p>\r\n\r\n\r\n\r\n<p><strong>Mit\u00e4 tulevaisuuden tavoitteita sinulla on?\u00a0<\/strong><\/p>\r\n\r\n\r\n\r\n<p>Ty\u00f6skentelisin mielell\u00e4ni muutaman vuoden p\u00e4\u00e4st\u00e4 jossain EU:n suurl\u00e4hetyst\u00f6ist\u00e4 Euroopan ulkopuolella n\u00e4hd\u00e4kseni my\u00f6s sen puolen EU:n ulkosuhteista. Erityisesti Ven\u00e4j\u00e4 ja Keski-Aasia kiinnostavat, mutta mielenkiintoisia hommia on ihan joka maassa. Teemoista my\u00f6s hybridiuhat ja arktinen politiikkaa kiinnostavat tulevaisuudessa.<\/p>\r\n\r\n\r\n\r\n<p><strong>Kuinka rentoudut kiireisen p\u00e4iv\u00e4n j\u00e4lkeen?<\/strong><\/p>\r\n\r\n\r\n\r\n<p>Parhaimmassa tapauksessa lakritsi on jo kaapissa, mutta jos ei niin haen Brysselin suomalaiselta merimieskirkolta pussin tai kaksi (samalla mukaan saattaa tarttua reissumiest\u00e4, sinappia ja silli\u00e4). Sitten pussi auki, kone kiinni ja jalat kattoon.<\/p>\r\n\r\n\r\n\r\n<p><strong>Terveisesi urapolkunsa alussa oleville FAIA:laisille?<\/strong><\/p>\r\n\r\n\r\n\r\n<p>Urapolun alussa t\u00e4ss\u00e4 ollaan itsekin niin mielell\u00e4ni opin ja kuulen lis\u00e4\u00e4 FAIA:laisten kokemuksista. Laittakaa ihmeess\u00e4 matalalla kynnyksell\u00e4 viesti\u00e4, jos olette suuntaamassa Brysseliin p\u00e4in olutmatkalle, EU-ekskursioon tai muuten!<\/p>\r\n\r\n\r\n\r\n\r\n\r\n\r\n\r\n<div class=\"wp-block-media-text alignwide is-stacked-on-mobile\">\r\n<figure class=\"wp-block-media-text__media\"><img decoding=\"async\" class=\"wp-image-1940 size-full aligncenter\" src=\"https:\/\/faiafinland.files.wordpress.com\/2021\/05\/ville-majamaa-1.jpg?w=1024\" alt=\"\" \/><\/figure>\r\n<div class=\"wp-block-media-text__content\">\r\n<p>&nbsp;<\/p>\r\n<p class=\"has-normal-font-size\"><strong>Somekanavat, joista Villen l\u00f6yt\u00e4\u00e4<\/strong><\/p>\r\n\r\n\r\nLinkedinist\u00e4 ja Facebookista l\u00f6ytyy \u201d<em>Ville Majamaa<\/em>\u201d, Twitterist\u00e4 ja Instagramista\u00a0<em>vmajamaa<\/em>&#8211; tunnuksella. <\/div>\r\n<\/div>","protected":false},"excerpt":{"rendered":"<p>Mik\u00e4 on nimesi?\u00a0 Ville Majamaa, 28v Mit\u00e4 teet ty\u00f6ksesi ja mit\u00e4 teht\u00e4viisi kuuluu? Ty\u00f6skentelen Euroopan komission\u00a0laajentumis- ja naapuruuspolitiikan (DG NEAR) p\u00e4\u00e4osastolla instituutioiden vahvistamisesta vastaavassa yksik\u00f6ss\u00e4. Organisaatiokaaviosta meid\u00e4t l\u00f6yt\u00e4\u00e4 tunnuksella C3. Vastuullani on mm. briiffien ja puheiden laatiminen ja koordinointi, innovaatio -ja tutkimuspolitiikan koordinointi L\u00e4nsi-Balkanilla sek\u00e4 viestint\u00e4 ja siihen liittyv\u00e4t julkiset hankinnat.\u00a0\u00a0Yksikk\u00f6mme vastaa ns. teknisen tuen&#8230;<\/p>","protected":false},"author":1,"featured_media":0,"comment_status":"open","ping_status":"open","sticky":false,"template":"","format":"standard","meta":{"_kadence_starter_templates_imported_post":false,"_kad_post_transparent":"","_kad_post_title":"","_kad_post_layout":"","_kad_post_sidebar_id":"","_kad_post_content_style":"","_kad_post_vertical_padding":"","_kad_post_feature":"","_kad_post_feature_position":"","_kad_post_header":false,"_kad_post_footer":false,"footnotes":""},"categories":[8],"tags":[],"class_list":["post-1552","post","type-post","status-publish","format-standard","hentry","category-uratarinat"],"_links":{"self":[{"href":"https:\/\/www.faiafinland.fi\/en\/wp-json\/wp\/v2\/posts\/1552","targetHints":{"allow":["GET"]}}],"collection":[{"href":"https:\/\/www.faiafinland.fi\/en\/wp-json\/wp\/v2\/posts"}],"about":[{"href":"https:\/\/www.faiafinland.fi\/en\/wp-json\/wp\/v2\/types\/post"}],"author":[{"embeddable":true,"href":"https:\/\/www.faiafinland.fi\/en\/wp-json\/wp\/v2\/users\/1"}],"replies":[{"embeddable":true,"href":"https:\/\/www.faiafinland.fi\/en\/wp-json\/wp\/v2\/comments?post=1552"}],"version-history":[{"count":4,"href":"https:\/\/www.faiafinland.fi\/en\/wp-json\/wp\/v2\/posts\/1552\/revisions"}],"predecessor-version":[{"id":2000,"href":"https:\/\/www.faiafinland.fi\/en\/wp-json\/wp\/v2\/posts\/1552\/revisions\/2000"}],"wp:attachment":[{"href":"https:\/\/www.faiafinland.fi\/en\/wp-json\/wp\/v2\/media?parent=1552"}],"wp:term":[{"taxonomy":"category","embeddable":true,"href":"https:\/\/www.faiafinland.fi\/en\/wp-json\/wp\/v2\/categories?post=1552"},{"taxonomy":"post_tag","embeddable":true,"href":"https:\/\/www.faiafinland.fi\/en\/wp-json\/wp\/v2\/tags?post=1552"}],"curies":[{"name":"wp","href":"https:\/\/api.w.org\/{rel}","templated":true}]}}